{"id":108708,"date":"2024-05-22T12:23:16","date_gmt":"2024-05-22T15:23:16","guid":{"rendered":"https:\/\/blogdoedvaldomagalhaes.com.br\/?p=108708"},"modified":"2024-05-22T14:21:01","modified_gmt":"2024-05-22T17:21:01","slug":"uma-celebracao-de-fe-cultura-e-tradicao-no-cabo-de-santo-agostinho","status":"publish","type":"post","link":"https:\/\/blogdoedvaldomagalhaes.com.br\/index.php\/2024\/05\/22\/uma-celebracao-de-fe-cultura-e-tradicao-no-cabo-de-santo-agostinho\/","title":{"rendered":"Uma Celebra\u00e7\u00e3o de F\u00e9, Cultura e Tradi\u00e7\u00e3o no Cabo de Santo Agostinho"},"content":{"rendered":"<p>A tradi\u00e7\u00e3o e a cultura popular ter\u00e3o um dia de celebra\u00e7\u00e3o especial no Cabo de Santo Agostinho com a XX Edi\u00e7\u00e3o da Festa de Santo Ant\u00f4nio do Monte, que acontecer\u00e1 no dia 13 de junho de 2024. Sob a realiza\u00e7\u00e3o de Welington Santeiro, que h\u00e1 anos est\u00e1 \u00e0 frente desta importante festividade que remonta ao s\u00e9culo XVII, quando a imagem de Santo Ant\u00f4nio foi encontrada milagrosamente no morro do Engenho Velho. Desde ent\u00e3o, a comunidade se re\u00fane anualmente para homenagear o santo padroeiro, preservando tradi\u00e7\u00f5es e promovendo a integra\u00e7\u00e3o social, a Produ\u00e7\u00e3o \u00e9 das empresas Jean Carlos Produ\u00e7\u00f5es e Minhoquinha Eventos, conhecidas por suas expertises em grandes eventos como o MUSICARUARU-Festival, Queijo Coalho Gigante, Cortejo Cultural Pernambuco Brasil, S\u00e3o Jo\u00e3o da Janela, entre outros, trar\u00e3o suas vastas experi\u00eancias para garantir uma festa de alta qualidade, cheia de novidades e atra\u00e7\u00f5es especiais. Novidades e Destaques da Programa\u00e7\u00e3o. Este ano, a festa contar\u00e1 com muitas novidades, come\u00e7ando com um delicioso caf\u00e9 da manh\u00e3 oferecido como recep\u00e7\u00e3o para a tradicional cavalgada, que se incorpora \u00e0 festa todos os anos.<\/p>\n<p>A programa\u00e7\u00e3o estar\u00e1 repleta de atividades culturais, shows musicais e apresenta\u00e7\u00f5es que celebram a riqueza da cultura pernambucana. Programa\u00e7\u00e3o Completa em breve. O Realizador Welington Santeiro, chama aten\u00e7\u00e3o para o Impacto Cultural e Social, pois segundo o Artista e realizador, \u201cA Festa de Santo Ant\u00f4nio do Monte \u00e9 mais do que um evento \u00e9 uma celebra\u00e7\u00e3o que fortalece a identidade cultural do Cabo de Santo Agostinho. Al\u00e9m de promover a cultura local, a festa gera impacto positivo na economia da regi\u00e3o, criando oportunidades de emprego e renda atrav\u00e9s das atividades comerciais durante o evento\u201d. O Diretor de Produ\u00e7\u00e3o Jean Carlos, destaca os apoio importantes, como A Prefeitura Municipal do Cabo de Santo Agostinho que est\u00e1 abra\u00e7ando por inteiro a Festa, juntamente com o Governo do Estado, FUNDARPE, SECULT e Empetur, al\u00e9m da iniciativa privada e segundo Carlos Andr\u00e9, essa festa ganha um novo desenho a partir deste ano. Com inova\u00e7\u00f5es que ser\u00e3o conhecidas dentro de alguns dias. Homenageados de 2024: Di\u00e9 do Coco; Seu Antenor do Bombinho e Dona Dalva rainha do Coco e o multiartista Ivan Ferraz.<br \/>\nSeja seguidor do Instagram do Blog @blogdoedvaldomagalhaes<\/p>\n","protected":false},"excerpt":{"rendered":"<p>A tradi\u00e7\u00e3o e a cultura popular ter\u00e3o um dia de celebra\u00e7\u00e3o especial no Cabo de Santo Agostinho com a XX&hellip;<\/p>\n","protected":false},"author":1,"featured_media":108710,"comment_status":"closed","ping_status":"open","sticky":false,"template":"","format":"standard","meta":{"footnotes":""},"categories":[14120],"tags":[29440,27410,2,28801,30590],"class_list":["post-108708","post","type-post","status-publish","format-standard","has-post-thumbnail","hentry","category-noticias","tag-blog-com-mais-visualizacao","tag-blog-de-caruaru","tag-blog-do-edvaldo-magalhaes","tag-blog-mais-acessado","tag-uma-celebracao-de-fe-cultura-e-tradicao-no-cabo-de-santo-agostinho"],"_links":{"self":[{"href":"https:\/\/blogdoedvaldomagalhaes.com.br\/index.php\/wp-json\/wp\/v2\/posts\/108708","targetHints":{"allow":["GET"]}}],"collection":[{"href":"https:\/\/blogdoedvaldomagalhaes.com.br\/index.php\/wp-json\/wp\/v2\/posts"}],"about":[{"href":"https:\/\/blogdoedvaldomagalhaes.com.br\/index.php\/wp-json\/wp\/v2\/types\/post"}],"author":[{"embeddable":true,"href":"https:\/\/blogdoedvaldomagalhaes.com.br\/index.php\/wp-json\/wp\/v2\/users\/1"}],"replies":[{"embeddable":true,"href":"https:\/\/blogdoedvaldomagalhaes.com.br\/index.php\/wp-json\/wp\/v2\/comments?post=108708"}],"version-history":[{"count":3,"href":"https:\/\/blogdoedvaldomagalhaes.com.br\/index.php\/wp-json\/wp\/v2\/posts\/108708\/revisions"}],"predecessor-version":[{"id":108714,"href":"https:\/\/blogdoedvaldomagalhaes.com.br\/index.php\/wp-json\/wp\/v2\/posts\/108708\/revisions\/108714"}],"wp:featuredmedia":[{"embeddable":true,"href":"https:\/\/blogdoedvaldomagalhaes.com.br\/index.php\/wp-json\/wp\/v2\/media\/108710"}],"wp:attachment":[{"href":"https:\/\/blogdoedvaldomagalhaes.com.br\/index.php\/wp-json\/wp\/v2\/media?parent=108708"}],"wp:term":[{"taxonomy":"category","embeddable":true,"href":"https:\/\/blogdoedvaldomagalhaes.com.br\/index.php\/wp-json\/wp\/v2\/categories?post=108708"},{"taxonomy":"post_tag","embeddable":true,"href":"https:\/\/blogdoedvaldomagalhaes.com.br\/index.php\/wp-json\/wp\/v2\/tags?post=108708"}],"curies":[{"name":"wp","href":"https:\/\/api.w.org\/{rel}","templated":true}]}}