{"id":108703,"date":"2024-05-22T10:32:59","date_gmt":"2024-05-22T13:32:59","guid":{"rendered":"https:\/\/blogdoedvaldomagalhaes.com.br\/?p=108703"},"modified":"2024-05-22T10:37:09","modified_gmt":"2024-05-22T13:37:09","slug":"reliquia-do-beato-carlo-acutis-o-padroeiro-da-internet-estara-aberta-a-visitacao-na-obra-de-maria-a-partir-desta-quinta-feira","status":"publish","type":"post","link":"https:\/\/blogdoedvaldomagalhaes.com.br\/index.php\/2024\/05\/22\/reliquia-do-beato-carlo-acutis-o-padroeiro-da-internet-estara-aberta-a-visitacao-na-obra-de-maria-a-partir-desta-quinta-feira\/","title":{"rendered":"Rel\u00edquia do beato Carlo\u00a0Acutis, o &#8220;padroeiro da internet&#8221;, estar\u00e1 aberta \u00e0 visita\u00e7\u00e3o na Obra de Maria a partir\u00a0desta quinta-feira"},"content":{"rendered":"<p class=\"s3\"><span class=\"s4\" style=\"font-size: revert;\"><span class=\"bumpedFont15\">Uma rel\u00edquia em Primeiro Grau do beato Carlo <\/span><\/span><span class=\"s4\" style=\"font-size: revert;\"><span class=\"bumpedFont15\">Acutis<\/span><\/span><span class=\"s4\" style=\"font-size: revert;\"><span class=\"bumpedFont15\">, conhecido mundialmente como o padroeiro da Internet, chegou ontem a Pernambuco e foi recebida pelos mission\u00e1rios da Comunidade Cat\u00f3lica Obra de Maria. A rel\u00edquia, que consiste em fragmentos do corpo do a<\/span><\/span><span class=\"s4\" style=\"font-size: revert;\"><span class=\"bumpedFont15\">dolescente cat\u00f3lico italiano, foi entronada na Par\u00f3quia Jo\u00e3o Paulo II, situada na sede da Obra de Maria, em S\u00e3o Louren\u00e7o da Mata. Os fi\u00e9is poder\u00e3o visitar a rel\u00edquia a partir <\/span><\/span><span class=\"s4\" style=\"font-size: revert;\"><span class=\"bumpedFont15\">desta quinta, das 14h \u00e0s 16h. Ela tamb\u00e9m poder\u00e1 ser vista<\/span><\/span><span class=\"s4\" style=\"font-size: revert;\"><span class=\"bumpedFont15\"> no s\u00e1bado, das 18h \u00e0s 19h, e seguir\u00e1 aberta<\/span><\/span><span class=\"s4\" style=\"font-size: revert;\"><span class=\"bumpedFont15\"> para visita\u00e7\u00e3o<\/span><\/span><span class=\"s4\" style=\"font-size: revert;\"><span class=\"bumpedFont15\"> ao p\u00fablico a partir do domingo, das 8h \u00e0s 12h<\/span><\/span><span class=\"s4\" style=\"font-size: revert;\"><span class=\"bumpedFont15\">.<\/span><\/span><\/p>\n<p class=\"s3\"><span class=\"s4\"><span class=\"bumpedFont15\">A chegada da rel\u00edquia no Aeroporto<\/span><\/span><span class=\"s4\"><span class=\"bumpedFont15\"> In<\/span><\/span><span class=\"s4\"><span class=\"bumpedFont15\">ternacional do Recife foi muito <\/span><\/span><span class=\"s4\"><span class=\"bumpedFont15\">celebrada pelos mission\u00e1rios da Obra <\/span><\/span><span class=\"s4\"><span class=\"bumpedFont15\">de Maria. Logo ap\u00f3s desembarcar <\/span><\/span><span class=\"s4\"><span class=\"bumpedFont15\">no Aeroporto, a rel\u00edquia foi acolhida por dois \u00f4nibus da comunidade cat\u00f3lica e seguiu em um traslado solene at\u00e9 a sede, em S\u00e3o Louren\u00e7o da Mata, na Regi<\/span><\/span><span class=\"s4\"><span class=\"bumpedFont15\">\u00e3o Metropolitana do Recife. \u00a0<\/span><\/span><span class=\"s4\"><span class=\"bumpedFont15\">Esta a\u00e7\u00e3o \u00e9 parte das atividades de venera\u00e7\u00e3o e devo\u00e7\u00e3o ao Beato Carlo <\/span><\/span><span class=\"s4\"><span class=\"bumpedFont15\">Acutis<\/span><\/span><span class=\"s4\"><span class=\"bumpedFont15\">, conhecido por sua profunda f\u00e9 e dedica\u00e7\u00e3o \u00e0 Eucaristia.<\/span><\/span><\/p>\n<p class=\"s3\"><span class=\"s4\"><span class=\"bumpedFont15\">O padre Jos\u00e9 J\u00fanior, membro da comunidade e p\u00e1roco da Igreja Jo\u00e3o Paulo II, disse que a rel\u00ed<\/span><\/span><span class=\"s4\"><span class=\"bumpedFont15\">quia ter\u00e1 uma grande import\u00e2ncia no processo de evangeliza\u00e7\u00e3o dos jovens. <\/span><\/span><span class=\"s4\"><span class=\"bumpedFont15\">\u201cA maioria dos nossos mission\u00e1rios s\u00e3o jovens e a gente tem o intuito de evangelizar a <\/span><\/span><span class=\"s4\"><span class=\"bumpedFont15\">juventude. Tenho certeza que a rel\u00edquia<\/span><\/span><span class=\"s4\"><span class=\"bumpedFont15\"> vai <\/span><\/span><span class=\"s4\"><span class=\"bumpedFont15\">nos ajudar ainda mais nesse processo<\/span><\/span><span class=\"s4\"><span class=\"bumpedFont15\">\u201d,<\/span><\/span><span class=\"s4\"><span class=\"bumpedFont15\">analisou o religioso da Obra de Maria.<\/span><\/span><\/p>\n<p class=\"s3\"><span class=\"s4\"><span class=\"bumpedFont15\">Especialista em computa\u00e7\u00e3o, o beato Carlos <\/span><\/span><span class=\"s4\"><span class=\"bumpedFont15\">Acutis<\/span><\/span><span class=\"s4\"><span class=\"bumpedFont15\"> ficou conhecido mundialmente como padroeiro da internet, porque registrava milagres eucar\u00edsticos e apari\u00e7\u00f5es da Virgem Maria em diversos locais do mundo em suas redes sociais e num site que <\/span><\/span><span class=\"s4\"><span class=\"bumpedFont15\">ele criou. O corpo do beato est\u00e1 exposto no<\/span><\/span> <span class=\"s4\"><span class=\"bumpedFont15\">Santu\u00e1rio do Despojamento, na Igreja de Santa Maria Maggiore, em Assis, na It\u00e1lia, cidade onde ocorreu o 12<\/span><\/span><span class=\"s4\"><span class=\"bumpedFont15\">\u00ba<\/span><\/span><span class=\"s4\"><span class=\"bumpedFont15\"> Congresso Internacional de Pentecostes, de 18 a 19 de maio, organizado pela Obra de Maria.<\/span><\/span><\/p>\n<p class=\"s3\"><span class=\"s4\"><span class=\"bumpedFont15\">\u201cTrata-s<\/span><\/span><span class=\"s4\"><span class=\"bumpedFont15\">e de um jovem, um santo moderno, que por meio da sua prega\u00e7\u00e3o, do seu jeito simples de ser, deixou a mensagem para a juventude do mundo inteiro. Tem uma grande import\u00e2ncia para a gente receber essa rel\u00edquia de Carlo <\/span><\/span><span class=\"s4\"><span class=\"bumpedFont15\">Acutis<\/span><\/span><span class=\"s4\"><span class=\"bumpedFont15\"> aqui em Pernambuco, na nossa miss<\/span><\/span><span class=\"s4\"><span class=\"bumpedFont15\">\u00e3o\u201d, acrescentou o padre Jos\u00e9 J\u00fanior.<\/span><\/span><\/p>\n<p class=\"s3\"><span class=\"s4\"><span class=\"bumpedFont15\">A rel\u00edquia de Carlos <\/span><\/span><span class=\"s4\"><span class=\"bumpedFont15\">Acutis<\/span><\/span><span class=\"s4\"><span class=\"bumpedFont15\"> foi doada pela pr\u00f3pria m\u00e3e do beato, <\/span><\/span><span class=\"s4\"><span class=\"bumpedFont15\">Ant<\/span><\/span><span class=\"s4\"><span class=\"bumpedFont15\">o<\/span><\/span><span class=\"s4\"><span class=\"bumpedFont15\">nia<\/span><\/span> <span class=\"s4\"><span class=\"bumpedFont15\">Acutis<\/span><\/span><span class=\"s4\"><span class=\"bumpedFont15\">, aos fundadores da Obra de Maria, Gilberto Barbosa e Maria Salom\u00e9, durante o seu testemunho no Congresso Pentecostes da Paz, na It\u00e1lia, n<\/span><\/span><span class=\"s4\"><span class=\"bumpedFont15\">o \u00faltimo domingo. \u00a0No momento da sua participa\u00e7\u00e3o, a m\u00e3e de Carlo <\/span><\/span><span class=\"s4\"><span class=\"bumpedFont15\">Acutis<\/span><\/span><span class=\"s4\"><span class=\"bumpedFont15\"> manifestou seu desejo de ir at\u00e9 o Mato Grosso do Sul visitar a fam\u00edlia do garoto que foi curado e cujo milagre tornou o seu filho beato. <\/span><\/span><\/p>\n<p class=\"s3\"><strong><span class=\"s4\"><span class=\"bumpedFont15\">Conhe\u00e7a a trajet\u00f3ria de Carlo <\/span><\/span><span class=\"s4\"><span class=\"bumpedFont15\">Acutis<\/span><\/span><\/strong><\/p>\n<p class=\"s3\"><span class=\"s4\"><span class=\"bumpedFont15\">O jovem italiano faleceu aos 15 anos, em 200<\/span><\/span><span class=\"s4\"><span class=\"bumpedFont15\">6, e foi beatificado pela Igreja Cat\u00f3lica em 2020. O milagre relacionado a Carlo <\/span><\/span><span class=\"s4\"><span class=\"bumpedFont15\">Acutis<\/span><\/span><span class=\"s4\"><span class=\"bumpedFont15\"> que representou um dos pilares de sua beatifica\u00e7\u00e3o aconteceu no Brasil. Um menino de 7 anos, com um quadro raro de tumor no p\u00e2ncreas, foi curado, ap\u00f3s o av\u00f4 <\/span><\/span><span class=\"s4\"><span class=\"bumpedFont15\">tocar as ro<\/span><\/span><span class=\"s4\"><span class=\"bumpedFont15\">upas de Carlo <\/span><\/span><span class=\"s4\"><span class=\"bumpedFont15\">Acuti<\/span><\/span><span class=\"s4\"><span class=\"bumpedFont15\">s<\/span><\/span><span class=\"s4\"><span class=\"bumpedFont15\">, expostas em uma par\u00f3quia em Campo Grande (MS), e pedir pela cura do neto.<\/span><\/span><\/p>\n<p class=\"s3\"><span class=\"s4\"><span class=\"bumpedFont15\">Ao revelar o seu desejo de visitar a fam\u00edlia no Brasil, a m\u00e3e do beato confirmou que aceitou o convite de Gilberto Barbosa para participar do anivers\u00e1rio de 35 <\/span><\/span><span class=\"s4\"><span class=\"bumpedFont15\">anos da Obra de Maria em janeiro de 2025, cujas celebra\u00e7\u00f5es v\u00e3o reunir cerca de 500 lideran\u00e7as religiosas do mundo inteiro, entre padres, bispos e arcebispos. O testemunho de <\/span><\/span><span class=\"s4\"><span class=\"bumpedFont15\">Antonia<\/span><\/span> <span class=\"s4\"><span class=\"bumpedFont15\">Acutis<\/span><\/span><span class=\"s4\"><span class=\"bumpedFont15\"> durante o Congresso de Pentecostes ao falar sobre a f\u00e9 de Carlo <\/span><\/span><span class=\"s4\"><span class=\"bumpedFont15\">Ac<\/span><\/span><span class=\"s4\"><span class=\"bumpedFont15\">utis<\/span><\/span><span class=\"s4\"><span class=\"bumpedFont15\"> foi emocionante: \u00a0<\/span><\/span><\/p>\n<p class=\"s3\"><span class=\"s4\"><span class=\"bumpedFont15\">&#8220;Os filhos s\u00e3o de Deus. N\u00e3o temam, quem tem medo da morte, n\u00e3o tem f\u00e9. Carlo disse que temos que temer o pecado e devemos viver cada dia como se fosse o \u00faltimo. Isso \u00e9 vida. Se voc\u00ea tem medo da morte, deve se interrogar sobre isso<\/span><\/span><span class=\"s4\"><span class=\"bumpedFont15\">. N\u00e3o tem confian\u00e7a em Deus?<\/span><\/span><span class=\"s4\"><span class=\"bumpedFont15\"> Meu filho adorou o Esp\u00edrito Santo a cada dia de sua vida e buscou viver cada dia como se fosse o \u00faltimo. Ele me ensinou que quem tem medo de morrer n\u00e3o tem f\u00e9. O Esp\u00edrito Santo e o Sant\u00edssimo Sacramento s\u00e3o os rem\u00e9dios do mund<\/span><\/span><span class=\"s4\"><span class=\"bumpedFont15\">o&#8221;, declarou <\/span><\/span><span class=\"s4\"><span class=\"bumpedFont15\">Antonia<\/span><\/span><span class=\"s4\"><span class=\"bumpedFont15\">.<\/span><\/span><\/p>\n<p class=\"s3\"><strong><span class=\"s4\"><span class=\"bumpedFont15\">REL\u00cdQUIAS<\/span><\/span><\/strong><\/p>\n<p class=\"s3\"><span class=\"s4\" style=\"font-size: revert;\"><span class=\"bumpedFont15\">Segundo a Igreja Cat\u00f3lica, rel\u00edquias de primeiro grau s\u00e3o fragmentos do corpo de um santo, como ossos ou cabelos. No caso da rel\u00edquia que chegou a Pernambuco, trata-se de fios de cabelo do beato. As rel\u00edquias podem ser de<\/span><\/span><span class=\"s4\" style=\"font-size: revert;\"><span class=\"bumpedFont15\"> primeiro, segundo e terceiro graus. As de segundo g<\/span><\/span><span class=\"s4\" style=\"font-size: revert;\"><span class=\"bumpedFont15\">rau s\u00e3o objetos de uso pessoal <\/span><\/span><span class=\"s4\" style=\"font-size: revert;\"><span class=\"bumpedFont15\">e as de terceiro grau referem-se a algo que tenha estado em contato com o corpo do santo.<\/span><\/span><\/p>\n<p class=\"s3\"><span class=\"s4\"><span class=\"bumpedFont15\">A venera\u00e7\u00e3o de rel\u00edquias tem refer\u00eancias b\u00edblicas, como em Atos dos Ap\u00f3stolos 19<\/span><\/span><span class=\"s4\"><span class=\"bumpedFont15\">,11-12: \u201cDeus realizava prod\u00edgios extraordin\u00e1rios pelas m\u00e3os de Paulo, a tal ponto que pegavam len\u00e7os e panos que tivessem tocado seu corpo, para aplic\u00e1-los sobre os doentes, e as doen\u00e7as os deixavam, e<\/span><\/span><span class=\"s4\"><span class=\"bumpedFont15\"> os esp\u00edritos maus se retiravam<\/span><\/span><span class=\"s4\"><span class=\"bumpedFont15\">\u201d<\/span><\/span><span class=\"s4\"><span class=\"bumpedFont15\">.<br \/>\nFoto: Divulga\u00e7\u00e3o\u00a0<\/span><\/span><\/p>\n<p class=\"s3\">\n","protected":false},"excerpt":{"rendered":"<p>Uma rel\u00edquia em Primeiro Grau do beato Carlo Acutis, conhecido mundialmente como o padroeiro da Internet, chegou ontem a Pernambuco&hellip;<\/p>\n","protected":false},"author":1,"featured_media":108706,"comment_status":"closed","ping_status":"open","sticky":false,"template":"","format":"standard","meta":{"footnotes":""},"categories":[14120],"tags":[29440,27410,2,28801,30589],"class_list":["post-108703","post","type-post","status-publish","format-standard","has-post-thumbnail","hentry","category-noticias","tag-blog-com-mais-visualizacao","tag-blog-de-caruaru","tag-blog-do-edvaldo-magalhaes","tag-blog-mais-acessado","tag-obra-de-maria"],"_links":{"self":[{"href":"https:\/\/blogdoedvaldomagalhaes.com.br\/index.php\/wp-json\/wp\/v2\/posts\/108703","targetHints":{"allow":["GET"]}}],"collection":[{"href":"https:\/\/blogdoedvaldomagalhaes.com.br\/index.php\/wp-json\/wp\/v2\/posts"}],"about":[{"href":"https:\/\/blogdoedvaldomagalhaes.com.br\/index.php\/wp-json\/wp\/v2\/types\/post"}],"author":[{"embeddable":true,"href":"https:\/\/blogdoedvaldomagalhaes.com.br\/index.php\/wp-json\/wp\/v2\/users\/1"}],"replies":[{"embeddable":true,"href":"https:\/\/blogdoedvaldomagalhaes.com.br\/index.php\/wp-json\/wp\/v2\/comments?post=108703"}],"version-history":[{"count":2,"href":"https:\/\/blogdoedvaldomagalhaes.com.br\/index.php\/wp-json\/wp\/v2\/posts\/108703\/revisions"}],"predecessor-version":[{"id":108707,"href":"https:\/\/blogdoedvaldomagalhaes.com.br\/index.php\/wp-json\/wp\/v2\/posts\/108703\/revisions\/108707"}],"wp:featuredmedia":[{"embeddable":true,"href":"https:\/\/blogdoedvaldomagalhaes.com.br\/index.php\/wp-json\/wp\/v2\/media\/108706"}],"wp:attachment":[{"href":"https:\/\/blogdoedvaldomagalhaes.com.br\/index.php\/wp-json\/wp\/v2\/media?parent=108703"}],"wp:term":[{"taxonomy":"category","embeddable":true,"href":"https:\/\/blogdoedvaldomagalhaes.com.br\/index.php\/wp-json\/wp\/v2\/categories?post=108703"},{"taxonomy":"post_tag","embeddable":true,"href":"https:\/\/blogdoedvaldomagalhaes.com.br\/index.php\/wp-json\/wp\/v2\/tags?post=108703"}],"curies":[{"name":"wp","href":"https:\/\/api.w.org\/{rel}","templated":true}]}}