{"id":108700,"date":"2024-05-22T08:37:26","date_gmt":"2024-05-22T11:37:26","guid":{"rendered":"https:\/\/blogdoedvaldomagalhaes.com.br\/?p=108700"},"modified":"2024-05-22T08:45:05","modified_gmt":"2024-05-22T11:45:05","slug":"dia-municipal-das-comidas-gigantes-sera-comemorado-em-caruaru-nesta-quarta-feira-22","status":"publish","type":"post","link":"https:\/\/blogdoedvaldomagalhaes.com.br\/index.php\/2024\/05\/22\/dia-municipal-das-comidas-gigantes-sera-comemorado-em-caruaru-nesta-quarta-feira-22\/","title":{"rendered":"Dia Municipal das Comidas Gigantes ser\u00e1 comemorado em Caruaru, nesta quarta-feira (22)"},"content":{"rendered":"<p>A Funda\u00e7\u00e3o de Cultura de Caruaru convida a todos e todas para o Dia Municipal das Comidas Gigantes, que ser\u00e1 celebrado nesta quarta-feira (22), \u00e0s 19h, na Rua 3 de Maio, Centro da cidade, pr\u00f3ximo ao Monte Bom Jesus. Esta comemora\u00e7\u00e3o ser\u00e1 realizada pelo segundo ano e conta com o envolvimento de mais de 60 comidas gigantes do nosso munic\u00edpio. Para animar a festa, haver\u00e1 apresenta\u00e7\u00f5es culturais e musicais. Confira abaixo: <\/p>\n<p>19h &#8211; Cia Ballet Marcos Mercury (itinerante)<br \/>\n19h &#8211; Quadrilha Junina Flor de Caru\u00e1 (itinerante)<br \/>\n19h &#8211; Banda de P\u00edfanos Vitoriano Jovem (itinerante)<br \/>\n19h &#8211; Trio Vozes da Seca<br \/>\n21h &#8211; Azulinho<br \/>\nFoto: Arquivo<br \/>\nSeja seguidor do Instagram do Blog @blogdoedvaldomagalhaes<\/p>\n","protected":false},"excerpt":{"rendered":"<p>A Funda\u00e7\u00e3o de Cultura de Caruaru convida a todos e todas para o Dia Municipal das Comidas Gigantes, que ser\u00e1&hellip;<\/p>\n","protected":false},"author":1,"featured_media":108702,"comment_status":"closed","ping_status":"open","sticky":false,"template":"","format":"standard","meta":{"footnotes":""},"categories":[14120],"tags":[30253,29440,2,28801,30588],"class_list":["post-108700","post","type-post","status-publish","format-standard","has-post-thumbnail","hentry","category-noticias","tag-blog-caruaru","tag-blog-com-mais-visualizacao","tag-blog-do-edvaldo-magalhaes","tag-blog-mais-acessado","tag-dia-municipal-das-comidas-gigantes-sera-comemorado-em-caruaru-nesta-quarta-feira-22"],"_links":{"self":[{"href":"https:\/\/blogdoedvaldomagalhaes.com.br\/index.php\/wp-json\/wp\/v2\/posts\/108700","targetHints":{"allow":["GET"]}}],"collection":[{"href":"https:\/\/blogdoedvaldomagalhaes.com.br\/index.php\/wp-json\/wp\/v2\/posts"}],"about":[{"href":"https:\/\/blogdoedvaldomagalhaes.com.br\/index.php\/wp-json\/wp\/v2\/types\/post"}],"author":[{"embeddable":true,"href":"https:\/\/blogdoedvaldomagalhaes.com.br\/index.php\/wp-json\/wp\/v2\/users\/1"}],"replies":[{"embeddable":true,"href":"https:\/\/blogdoedvaldomagalhaes.com.br\/index.php\/wp-json\/wp\/v2\/comments?post=108700"}],"version-history":[{"count":1,"href":"https:\/\/blogdoedvaldomagalhaes.com.br\/index.php\/wp-json\/wp\/v2\/posts\/108700\/revisions"}],"predecessor-version":[{"id":108701,"href":"https:\/\/blogdoedvaldomagalhaes.com.br\/index.php\/wp-json\/wp\/v2\/posts\/108700\/revisions\/108701"}],"wp:featuredmedia":[{"embeddable":true,"href":"https:\/\/blogdoedvaldomagalhaes.com.br\/index.php\/wp-json\/wp\/v2\/media\/108702"}],"wp:attachment":[{"href":"https:\/\/blogdoedvaldomagalhaes.com.br\/index.php\/wp-json\/wp\/v2\/media?parent=108700"}],"wp:term":[{"taxonomy":"category","embeddable":true,"href":"https:\/\/blogdoedvaldomagalhaes.com.br\/index.php\/wp-json\/wp\/v2\/categories?post=108700"},{"taxonomy":"post_tag","embeddable":true,"href":"https:\/\/blogdoedvaldomagalhaes.com.br\/index.php\/wp-json\/wp\/v2\/tags?post=108700"}],"curies":[{"name":"wp","href":"https:\/\/api.w.org\/{rel}","templated":true}]}}