{"id":108697,"date":"2024-05-21T21:44:58","date_gmt":"2024-05-22T00:44:58","guid":{"rendered":"https:\/\/blogdoedvaldomagalhaes.com.br\/?p=108697"},"modified":"2024-05-21T21:44:59","modified_gmt":"2024-05-22T00:44:59","slug":"dra-any-fernandes-solicita-ao-deputado-adalto-santos-apoio-junto-ao-governo-pe-para-implementar-o-1-nucleo-de-desenvolvimento-integral-do-interior-em-caruaru","status":"publish","type":"post","link":"https:\/\/blogdoedvaldomagalhaes.com.br\/index.php\/2024\/05\/21\/dra-any-fernandes-solicita-ao-deputado-adalto-santos-apoio-junto-ao-governo-pe-para-implementar-o-1-nucleo-de-desenvolvimento-integral-do-interior-em-caruaru\/","title":{"rendered":"Dra. Any Fernandes solicita ao deputado Adalto Santos apoio junto ao Governo-PE para implementar o 1\u00b0 N\u00facleo de Desenvolvimento Integral do Interior em Caruaru"},"content":{"rendered":"<p>A pr\u00e9-candidata a vereadora, Dra. Any Fernandes(PP), esteve na quarta-feira (8), no gabinete do Deputado Adalto Santos (PP), Presidente da Comiss\u00e3o de Sa\u00fade da Alepe, com o pleito de apoio junto ao Governo do Estado para impulsionar a pauta de implementar o primeiro Nucleo de Desenvolvimento Integral do interior do Agreste na cidade de Caruaru-PE.<br \/>\nAssim como, enfatizar e requerer apoio para melhorias nas pol\u00edticas p\u00fablicas de enfrentamento a viol\u00eancia obst\u00e9trica.                                                        \u201cO Nucleo de Desenvolvimento Integral \u00e9 uma necessidade gritante da comunidade autista. Estamos sempre pleiteando a\u00e7\u00f5es e projetos que venham a beneficiar de forma eficaz as pessoas e crian\u00e7as com autismo e deficientes, acolhendo inclusive as m\u00e3es at\u00edpicas.<br \/>\nJ\u00e1 a luta no enfrentamento \u00e0 viol\u00eancia obst\u00e9trica \u00e9 uma realidade em todo o Estado, um problema gritante, n\u00e3o s\u00f3 no interior. Humanizar o parto n\u00e3o \u00e9 for\u00e7ar o parto natural, humanizar o parto e puerperio \u00e9 respeitar o desejo, corpo e limites da mulher, do seu bebe e o estado puerperal\u201d<br \/>\nDesde que a pr\u00e9-candidata Dra. Any Fernandes surgiu como op\u00e7\u00e3o no cen\u00e1rio pol\u00edtico municipal tem se destacado com intensa assiduidade e dedica\u00e7\u00e3o \u00e0s pautas que prioritariamente defende, demonstrando propriedade e conhecimento de causa, al\u00e9m do do engajamento pol\u00edtico. O Caruaruense @daputadoadaltosantos \u00e9 um dos Deputados mais atuantes na sa\u00fade do Estado de Pernambuco, mostrando-se sens\u00edvel aos pleitos levados pela pr\u00e9-candidata e empenhado em alcan\u00e7ar melhorias para o Estado e para Caruaru.<br \/>\nFoto: Divulga\u00e7\u00e3o<br \/>\nSeja seguidor do Instagram do Blog para comentar @blogdoedvaldomagalhaes<\/p>\n","protected":false},"excerpt":{"rendered":"<p>A pr\u00e9-candidata a vereadora, Dra. Any Fernandes(PP), esteve na quarta-feira (8), no gabinete do Deputado Adalto Santos (PP), Presidente da&hellip;<\/p>\n","protected":false},"author":1,"featured_media":108698,"comment_status":"closed","ping_status":"open","sticky":false,"template":"","format":"standard","meta":{"footnotes":""},"categories":[14120],"tags":[30253,29440,2,28801,30587],"class_list":["post-108697","post","type-post","status-publish","format-standard","has-post-thumbnail","hentry","category-noticias","tag-blog-caruaru","tag-blog-com-mais-visualizacao","tag-blog-do-edvaldo-magalhaes","tag-blog-mais-acessado","tag-dra-any-fernandes-solicita-ao-deputado-adalto-santos-apoio-junto-ao-governo-pe-para-implementar-o-1-nucleo-de-desenvolvimento-integral-do-interior-em-caruaru"],"_links":{"self":[{"href":"https:\/\/blogdoedvaldomagalhaes.com.br\/index.php\/wp-json\/wp\/v2\/posts\/108697","targetHints":{"allow":["GET"]}}],"collection":[{"href":"https:\/\/blogdoedvaldomagalhaes.com.br\/index.php\/wp-json\/wp\/v2\/posts"}],"about":[{"href":"https:\/\/blogdoedvaldomagalhaes.com.br\/index.php\/wp-json\/wp\/v2\/types\/post"}],"author":[{"embeddable":true,"href":"https:\/\/blogdoedvaldomagalhaes.com.br\/index.php\/wp-json\/wp\/v2\/users\/1"}],"replies":[{"embeddable":true,"href":"https:\/\/blogdoedvaldomagalhaes.com.br\/index.php\/wp-json\/wp\/v2\/comments?post=108697"}],"version-history":[{"count":1,"href":"https:\/\/blogdoedvaldomagalhaes.com.br\/index.php\/wp-json\/wp\/v2\/posts\/108697\/revisions"}],"predecessor-version":[{"id":108699,"href":"https:\/\/blogdoedvaldomagalhaes.com.br\/index.php\/wp-json\/wp\/v2\/posts\/108697\/revisions\/108699"}],"wp:featuredmedia":[{"embeddable":true,"href":"https:\/\/blogdoedvaldomagalhaes.com.br\/index.php\/wp-json\/wp\/v2\/media\/108698"}],"wp:attachment":[{"href":"https:\/\/blogdoedvaldomagalhaes.com.br\/index.php\/wp-json\/wp\/v2\/media?parent=108697"}],"wp:term":[{"taxonomy":"category","embeddable":true,"href":"https:\/\/blogdoedvaldomagalhaes.com.br\/index.php\/wp-json\/wp\/v2\/categories?post=108697"},{"taxonomy":"post_tag","embeddable":true,"href":"https:\/\/blogdoedvaldomagalhaes.com.br\/index.php\/wp-json\/wp\/v2\/tags?post=108697"}],"curies":[{"name":"wp","href":"https:\/\/api.w.org\/{rel}","templated":true}]}}