{"id":108694,"date":"2024-05-21T20:09:58","date_gmt":"2024-05-21T23:09:58","guid":{"rendered":"https:\/\/blogdoedvaldomagalhaes.com.br\/?p=108694"},"modified":"2024-05-21T20:09:59","modified_gmt":"2024-05-21T23:09:59","slug":"governadora-raquel-lyra-defende-pautas-municipalistas-na-marcha-dos-prefeitos-e-destaca-investimentos-do-estado-junto-aos-municipios","status":"publish","type":"post","link":"https:\/\/blogdoedvaldomagalhaes.com.br\/index.php\/2024\/05\/21\/governadora-raquel-lyra-defende-pautas-municipalistas-na-marcha-dos-prefeitos-e-destaca-investimentos-do-estado-junto-aos-municipios\/","title":{"rendered":"Governadora Raquel Lyra defende pautas municipalistas na Marcha dos Prefeitos e destaca investimentos do Estado junto aos munic\u00edpios"},"content":{"rendered":"<p>A governadora Raquel Lyra participou, nesta ter\u00e7a-feira (21), em Bras\u00edlia, ao lado do presidente da Rep\u00fablica, Luiz In\u00e1cio Lula da Silva, da solenidade de abertura da XXV edi\u00e7\u00e3o da Marcha a Bras\u00edlia em Defesa dos Munic\u00edpios, que acontece at\u00e9 a pr\u00f3xima quinta-feira (23). Durante o evento, que reuniu gestores municipais de todo o pa\u00eds, a chefe do Executivo defendeu a import\u00e2ncia das pautas municipalistas para a melhoria da qualidade de vida da popula\u00e7\u00e3o e o desenvolvimento do Estado. <\/p>\n<p>\u201cA vida da popula\u00e7\u00e3o se d\u00e1 nas cidades. Temos feito um trabalho em Pernambuco voltado ao fortalecimento dos munic\u00edpios. Seja no cofinanciamento, na assist\u00eancia social, no pagamento em dia na sa\u00fade, no trabalho da constru\u00e7\u00e3o das creches ou nas entregas dos \u00f4nibus, tudo isso para aliviar a vida do prefeito que \u00e9 muito pressionado na ponta para dar respostas, muitas vezes sem o dinheiro para fazer\u201d, destacou Raquel Lyra.<\/p>\n<p>A gestora enfatizou, ainda, que na Federa\u00e7\u00e3o, ao longo do tempo, foi tirado o dinheiro dos munic\u00edpios, concentrando na Uni\u00e3o. \u201cEsse trabalho de poder garantir recursos de volta \u00e9 fundamental para as cidades e os estados. Estarei sempre presente na luta de todos os munic\u00edpios para que possamos permitir que os cidad\u00e3os possam ser felizes no seu ch\u00e3o, que no final das contas se trata disso\u201d, completou.<\/p>\n<p>Em seu discurso, o presidente Lula defendeu a import\u00e2ncia das prefeituras para o desenvolvimento do pa\u00eds. \u201c\u00c9 na cidade que as pessoas brigam por educa\u00e7\u00e3o, sa\u00fade, lazer e emprego. N\u00e3o \u00e9 poss\u00edvel o pa\u00eds ser rico com as cidades pobres, ou tomar medidas em \u00e2mbito nacional, falar em mais sa\u00fade e educa\u00e7\u00e3o, sem levar em conta os munic\u00edpios. Temos que estabelecer uma rela\u00e7\u00e3o digna e respeitosa entre n\u00f3s e \u00e9 assim que tem de ser, republicano e respeitoso com todos os entes federativos\u201d, frisou.<\/p>\n<p>Cumprindo com o compromisso de transformar a educa\u00e7\u00e3o de Pernambuco, pela primeira vez na hist\u00f3ria, o Estado toma \u00e0 frente do processo de constru\u00e7\u00e3o de unidades educacionais para a Primeira Inf\u00e2ncia. Foi publicada, na \u00faltima sexta-feira (17), a licita\u00e7\u00e3o para constru\u00e7\u00e3o de 51 creches em todas as regi\u00f5es do Estado. Neste primeiro bloco, 42 munic\u00edpios foram contemplados com investimentos no valor de R$ 282 milh\u00f5es, divididos em nove lotes. Ainda na \u00e1rea da Educa\u00e7\u00e3o, a gest\u00e3o estadual entregou 182 \u00f4nibus escolares a munic\u00edpios pernambucanos.<\/p>\n<p>J\u00e1 na assist\u00eancia social, a gest\u00e3o estadual pactuou, para 2024, R$ 84,8 milh\u00f5es junto aos munic\u00edpios para fortalecer os servi\u00e7os de assist\u00eancia social e seguran\u00e7a alimentar e nutricional. \u00c9 o maior investimento j\u00e1 previsto para os setores na hist\u00f3ria de Pernambuco.<\/p>\n<p>Segundo a Confedera\u00e7\u00e3o Nacional de Munic\u00edpios (CNM), organizadora do evento, cerca de mais de 9,5 mil participantes s\u00e3o esperados neste ano. \u201cQuando existe um di\u00e1logo federativo respeitoso, existe avan\u00e7o. Essa sempre ser\u00e1 a chave. Tudo precisa ser bem acordado para que as cidades se mantenham fortes. \u00c9 necess\u00e1rio ter parcerias para o melhor funcionamento da m\u00e1quina p\u00fablica municipal\u201d, pontuou o presidente do CNM, Paulo Ziulkoski.<\/p>\n<p>Presente na solenidade, o prefeito de Santa Cruz do Capibaribe, F\u00e1bio Arag\u00e3o, destacou a relev\u00e2ncia do evento. \u201cViemos lutar pelos direitos das nossas cidades e, sobretudo, da popula\u00e7\u00e3o. A presen\u00e7a das principais autoridades aqui, faz com que nossas pautas sejam ouvidas, podendo obter \u00eaxito\u201d, pontuou.<\/p>\n<p>Tamb\u00e9m estiveram presentes na solenidade o vice-presidente da Rep\u00fablica e ministro do Desenvolvimento, Ind\u00fastria, Com\u00e9rcio e Servi\u00e7os, Geraldo Alckmin; os presidentes do Senado Federal, senador Rodrigo Pacheco; e da C\u00e2mara dos Deputados, Arthur Lira; ministros de Estado; e diversos prefeitos.<br \/>\nFoto: Ricardo Stuckert\/PR<br \/>\nSeja seguidor do Instagram do Blog @blogdoedvaldomagalhaes<\/p>\n","protected":false},"excerpt":{"rendered":"<p>A governadora Raquel Lyra participou, nesta ter\u00e7a-feira (21), em Bras\u00edlia, ao lado do presidente da Rep\u00fablica, Luiz In\u00e1cio Lula da&hellip;<\/p>\n","protected":false},"author":1,"featured_media":108695,"comment_status":"closed","ping_status":"open","sticky":false,"template":"","format":"standard","meta":{"footnotes":""},"categories":[14122],"tags":[30253,29440,2,28801,30586,20],"class_list":["post-108694","post","type-post","status-publish","format-standard","has-post-thumbnail","hentry","category-politica","tag-blog-caruaru","tag-blog-com-mais-visualizacao","tag-blog-do-edvaldo-magalhaes","tag-blog-mais-acessado","tag-governadora-raquel-lyra-defende-pautas-municipalistas-na-marcha-dos-prefeitos-e-destaca-investimentos-do-estado-junto-aos-municipios","tag-politica"],"_links":{"self":[{"href":"https:\/\/blogdoedvaldomagalhaes.com.br\/index.php\/wp-json\/wp\/v2\/posts\/108694","targetHints":{"allow":["GET"]}}],"collection":[{"href":"https:\/\/blogdoedvaldomagalhaes.com.br\/index.php\/wp-json\/wp\/v2\/posts"}],"about":[{"href":"https:\/\/blogdoedvaldomagalhaes.com.br\/index.php\/wp-json\/wp\/v2\/types\/post"}],"author":[{"embeddable":true,"href":"https:\/\/blogdoedvaldomagalhaes.com.br\/index.php\/wp-json\/wp\/v2\/users\/1"}],"replies":[{"embeddable":true,"href":"https:\/\/blogdoedvaldomagalhaes.com.br\/index.php\/wp-json\/wp\/v2\/comments?post=108694"}],"version-history":[{"count":1,"href":"https:\/\/blogdoedvaldomagalhaes.com.br\/index.php\/wp-json\/wp\/v2\/posts\/108694\/revisions"}],"predecessor-version":[{"id":108696,"href":"https:\/\/blogdoedvaldomagalhaes.com.br\/index.php\/wp-json\/wp\/v2\/posts\/108694\/revisions\/108696"}],"wp:featuredmedia":[{"embeddable":true,"href":"https:\/\/blogdoedvaldomagalhaes.com.br\/index.php\/wp-json\/wp\/v2\/media\/108695"}],"wp:attachment":[{"href":"https:\/\/blogdoedvaldomagalhaes.com.br\/index.php\/wp-json\/wp\/v2\/media?parent=108694"}],"wp:term":[{"taxonomy":"category","embeddable":true,"href":"https:\/\/blogdoedvaldomagalhaes.com.br\/index.php\/wp-json\/wp\/v2\/categories?post=108694"},{"taxonomy":"post_tag","embeddable":true,"href":"https:\/\/blogdoedvaldomagalhaes.com.br\/index.php\/wp-json\/wp\/v2\/tags?post=108694"}],"curies":[{"name":"wp","href":"https:\/\/api.w.org\/{rel}","templated":true}]}}