{"id":108690,"date":"2024-05-21T18:17:40","date_gmt":"2024-05-21T21:17:40","guid":{"rendered":"https:\/\/blogdoedvaldomagalhaes.com.br\/?p=108690"},"modified":"2024-05-21T18:19:00","modified_gmt":"2024-05-21T21:19:00","slug":"anderson-correia-solicita-e-audiencia-publica-sobre-o-hospital-publico-veterinario-de-caruaru-sera-na-segunda-27","status":"publish","type":"post","link":"https:\/\/blogdoedvaldomagalhaes.com.br\/index.php\/2024\/05\/21\/anderson-correia-solicita-e-audiencia-publica-sobre-o-hospital-publico-veterinario-de-caruaru-sera-na-segunda-27\/","title":{"rendered":"Anderson Correia solicita e audi\u00eancia p\u00fablica sobre o Hospital P\u00fablico Veterin\u00e1rio de Caruaru ser\u00e1 na segunda (27)"},"content":{"rendered":"<p>Solicitada pelo vereador Anderson Correia (PP), ser\u00e1 realizada nesta segunda-feira (27), \u00e0s 9h, na C\u00e2mara Municipal, uma audi\u00eancia p\u00fablica para debater a constru\u00e7\u00e3o do Hospital P\u00fablico Veterin\u00e1rio de Caruaru. Uma pauta do parlamentar desde o in\u00edcio do seu mandato, que vem ganhando for\u00e7a e, inclusive, j\u00e1 est\u00e1 previsto no or\u00e7amento p\u00fablico do munic\u00edpio deste ano \u2013 na Lei de Diretrizes Or\u00e7ament\u00e1rias (LDO), tamb\u00e9m a pedido de Anderson.<\/p>\n<p>\u201cSer\u00e1 um momento para juntarmos for\u00e7as para que esse pleito possa sair do papel e se tornar uma realidade. Na ocasi\u00e3o, contaremos com diversas autoridades, secret\u00e1rios municipais, representantes da OAB, do Conselho Regional de Medicina Veterin\u00e1ria, v\u00e1rios protetores e sociedade caruaruense em geral. A constru\u00e7\u00e3o do Hospital P\u00fablico Veterin\u00e1rio em Caruaru ser\u00e1 um marco para a cidade e beneficiar\u00e1 a todos, tutores baixa renda, animais de rua e toda popula\u00e7\u00e3o que ter\u00e1 acesso a servi\u00e7os complexos, como cirurgias ortop\u00e9dicas, com atendimentos 24h. Convidamos a todos para estarem conosco nesta audi\u00eancia\u201d, destacou Anderson.<\/p>\n<p>A solicita\u00e7\u00e3o de Anderson sobre a audi\u00eancia p\u00fablica est\u00e1 em conson\u00e2ncia com a Lei Estadual n\u00ba 18.031\/2022, em seu artigo IV, que trata do princ\u00edpio da cidadania animal: os interesses dos animais como habitantes das cidades, devem ser levados em considera\u00e7\u00e3o pelas leis e outros atos normativos que possam impact\u00e1-los.<br \/>\nFoto: Vladimir Barreto<br \/>\nSeja seguidor do Instagram do Blog @blogdoedvaldomagalhaes<\/p>\n","protected":false},"excerpt":{"rendered":"<p>Solicitada pelo vereador Anderson Correia (PP), ser\u00e1 realizada nesta segunda-feira (27), \u00e0s 9h, na C\u00e2mara Municipal, uma audi\u00eancia p\u00fablica para&hellip;<\/p>\n","protected":false},"author":1,"featured_media":108691,"comment_status":"closed","ping_status":"open","sticky":false,"template":"","format":"standard","meta":{"footnotes":""},"categories":[14122],"tags":[30585,30253,28803,28801,20],"class_list":["post-108690","post","type-post","status-publish","format-standard","has-post-thumbnail","hentry","category-politica","tag-anderson-correia-solicita-e-audiencia-publica-sobre-o-hospital-publico-veterinario-de-caruaru-sera-na-segunda-27","tag-blog-caruaru","tag-blog-com-mais-visualizacoes","tag-blog-mais-acessado","tag-politica"],"_links":{"self":[{"href":"https:\/\/blogdoedvaldomagalhaes.com.br\/index.php\/wp-json\/wp\/v2\/posts\/108690","targetHints":{"allow":["GET"]}}],"collection":[{"href":"https:\/\/blogdoedvaldomagalhaes.com.br\/index.php\/wp-json\/wp\/v2\/posts"}],"about":[{"href":"https:\/\/blogdoedvaldomagalhaes.com.br\/index.php\/wp-json\/wp\/v2\/types\/post"}],"author":[{"embeddable":true,"href":"https:\/\/blogdoedvaldomagalhaes.com.br\/index.php\/wp-json\/wp\/v2\/users\/1"}],"replies":[{"embeddable":true,"href":"https:\/\/blogdoedvaldomagalhaes.com.br\/index.php\/wp-json\/wp\/v2\/comments?post=108690"}],"version-history":[{"count":2,"href":"https:\/\/blogdoedvaldomagalhaes.com.br\/index.php\/wp-json\/wp\/v2\/posts\/108690\/revisions"}],"predecessor-version":[{"id":108693,"href":"https:\/\/blogdoedvaldomagalhaes.com.br\/index.php\/wp-json\/wp\/v2\/posts\/108690\/revisions\/108693"}],"wp:featuredmedia":[{"embeddable":true,"href":"https:\/\/blogdoedvaldomagalhaes.com.br\/index.php\/wp-json\/wp\/v2\/media\/108691"}],"wp:attachment":[{"href":"https:\/\/blogdoedvaldomagalhaes.com.br\/index.php\/wp-json\/wp\/v2\/media?parent=108690"}],"wp:term":[{"taxonomy":"category","embeddable":true,"href":"https:\/\/blogdoedvaldomagalhaes.com.br\/index.php\/wp-json\/wp\/v2\/categories?post=108690"},{"taxonomy":"post_tag","embeddable":true,"href":"https:\/\/blogdoedvaldomagalhaes.com.br\/index.php\/wp-json\/wp\/v2\/tags?post=108690"}],"curies":[{"name":"wp","href":"https:\/\/api.w.org\/{rel}","templated":true}]}}