{"id":108683,"date":"2024-05-21T17:59:58","date_gmt":"2024-05-21T20:59:58","guid":{"rendered":"https:\/\/blogdoedvaldomagalhaes.com.br\/?p=108683"},"modified":"2024-05-21T17:59:58","modified_gmt":"2024-05-21T20:59:58","slug":"prf-detem-casal-em-carro-de-luxo-blindado-com-licenciamento-atrasado-e-apreende-drogas","status":"publish","type":"post","link":"https:\/\/blogdoedvaldomagalhaes.com.br\/index.php\/2024\/05\/21\/prf-detem-casal-em-carro-de-luxo-blindado-com-licenciamento-atrasado-e-apreende-drogas\/","title":{"rendered":"PRF det\u00e9m casal em carro de luxo blindado com licenciamento atrasado e apreende drogas"},"content":{"rendered":"<p>Um casal que estava em um carro de luxo blindado com registro de apropria\u00e7\u00e3o ind\u00e9bita foi detido, nesta segunda-feira (20), pela Pol\u00edcia Rodovi\u00e1ria Federal (PRF), na BR 101, em Igarassu, no Grande Recife. A passageira do ve\u00edculo portava uma por\u00e7\u00e3o de coca\u00edna e dez comprimidos de LSD, um tipo de anfetamina.<\/p>\n<p>No decorrer de uma fiscaliza\u00e7\u00e3o, a equipe abordou uma Land Rover ocupada por um casal e descobriu que o ve\u00edculo estava com o licenciamento atrasado. Quando o motorista abaixou o vidro do carro, os policiais sentiram um odor estranho e avistaram um material utilizado para embalar cigarro. Ap\u00f3s consulta, foi constatada uma ocorr\u00eancia de apropria\u00e7\u00e3o ind\u00e9bita registrada no m\u00eas de mar\u00e7o deste ano, em Macei\u00f3\/AL. <\/p>\n<p>Tamb\u00e9m foram encontrados pequenos pacotes de drogas il\u00edcitas dentro da bolsa da mulher, que afirmou ter as subst\u00e2ncias para consumo pr\u00f3prio. O motorista disse que havia adquirido o carro na troca por um terreno na capital alagoana.<\/p>\n<p>Diante dos fatos, o casal foi conduzido \u00e0 Delegacia de Pol\u00edcia Civil de Paulista. Entre os crimes investigados, est\u00e1 o de apropria\u00e7\u00e3o ind\u00e9bita e porte de droga.<br \/>\nFoto: Divulga\u00e7\u00e3o<br \/>\nSeja seguidor do Instagram do Blog @blogdoedvaldomagalhaes<\/p>\n","protected":false},"excerpt":{"rendered":"<p>Um casal que estava em um carro de luxo blindado com registro de apropria\u00e7\u00e3o ind\u00e9bita foi detido, nesta segunda-feira (20),&hellip;<\/p>\n","protected":false},"author":1,"featured_media":108684,"comment_status":"closed","ping_status":"open","sticky":false,"template":"","format":"standard","meta":{"footnotes":""},"categories":[14121],"tags":[29440,27410,2,28801,30583],"class_list":["post-108683","post","type-post","status-publish","format-standard","has-post-thumbnail","hentry","category-policial","tag-blog-com-mais-visualizacao","tag-blog-de-caruaru","tag-blog-do-edvaldo-magalhaes","tag-blog-mais-acessado","tag-prf-detem-casal-em-carro-de-luxo-blindado-com-licenciamento-atrasado-e-apreende-drogas"],"_links":{"self":[{"href":"https:\/\/blogdoedvaldomagalhaes.com.br\/index.php\/wp-json\/wp\/v2\/posts\/108683","targetHints":{"allow":["GET"]}}],"collection":[{"href":"https:\/\/blogdoedvaldomagalhaes.com.br\/index.php\/wp-json\/wp\/v2\/posts"}],"about":[{"href":"https:\/\/blogdoedvaldomagalhaes.com.br\/index.php\/wp-json\/wp\/v2\/types\/post"}],"author":[{"embeddable":true,"href":"https:\/\/blogdoedvaldomagalhaes.com.br\/index.php\/wp-json\/wp\/v2\/users\/1"}],"replies":[{"embeddable":true,"href":"https:\/\/blogdoedvaldomagalhaes.com.br\/index.php\/wp-json\/wp\/v2\/comments?post=108683"}],"version-history":[{"count":1,"href":"https:\/\/blogdoedvaldomagalhaes.com.br\/index.php\/wp-json\/wp\/v2\/posts\/108683\/revisions"}],"predecessor-version":[{"id":108685,"href":"https:\/\/blogdoedvaldomagalhaes.com.br\/index.php\/wp-json\/wp\/v2\/posts\/108683\/revisions\/108685"}],"wp:featuredmedia":[{"embeddable":true,"href":"https:\/\/blogdoedvaldomagalhaes.com.br\/index.php\/wp-json\/wp\/v2\/media\/108684"}],"wp:attachment":[{"href":"https:\/\/blogdoedvaldomagalhaes.com.br\/index.php\/wp-json\/wp\/v2\/media?parent=108683"}],"wp:term":[{"taxonomy":"category","embeddable":true,"href":"https:\/\/blogdoedvaldomagalhaes.com.br\/index.php\/wp-json\/wp\/v2\/categories?post=108683"},{"taxonomy":"post_tag","embeddable":true,"href":"https:\/\/blogdoedvaldomagalhaes.com.br\/index.php\/wp-json\/wp\/v2\/tags?post=108683"}],"curies":[{"name":"wp","href":"https:\/\/api.w.org\/{rel}","templated":true}]}}