{"id":108680,"date":"2024-05-21T17:34:38","date_gmt":"2024-05-21T20:34:38","guid":{"rendered":"https:\/\/blogdoedvaldomagalhaes.com.br\/?p=108680"},"modified":"2024-05-21T17:34:38","modified_gmt":"2024-05-21T20:34:38","slug":"vereador-jorge-quintino-realiza-sessao-solene-em-comemoracao-aos-20-anos-da-justica-federal-em-caruaru","status":"publish","type":"post","link":"https:\/\/blogdoedvaldomagalhaes.com.br\/index.php\/2024\/05\/21\/vereador-jorge-quintino-realiza-sessao-solene-em-comemoracao-aos-20-anos-da-justica-federal-em-caruaru\/","title":{"rendered":"Vereador Jorge Quintino Realiza Sess\u00e3o Solene em Comemora\u00e7\u00e3o aos 20 Anos da Justi\u00e7a Federal em Caruaru"},"content":{"rendered":"<p>Na segunda-feira, dia 20, o vereador Jorge Quintino liderou uma Sess\u00e3o Solene especial em celebra\u00e7\u00e3o aos 20 anos de atividade da Justi\u00e7a Federal em Caruaru. O evento, marcado por momentos de reconhecimento e gratid\u00e3o, foi um marco hist\u00f3rico para a comunidade local.<\/p>\n<p>Durante a cerim\u00f4nia, o vereador teve a honra de conceder a Medalha de Honra ao M\u00e9rito a dois eminentes ju\u00edzes, Jos\u00e9 Moreira da Silva Neto e Tiago Antunes de Aguiar. Este gesto simb\u00f3lico reconheceu o compromisso incans\u00e1vel desses profissionais com a justi\u00e7a e sua dedica\u00e7\u00e3o exemplar ao cumprimento do dever.<\/p>\n<p>Al\u00e9m disso, o vereador Jorge Quintino apresentou requerimentos para votos de aplauso e congratula\u00e7\u00f5es aos senhores Ericsson Xavier dos Santos e S\u00e9rgio Bezerra Torres, assim como \u00e0 Justi\u00e7a Federal &#8211; Subse\u00e7\u00e3o Judici\u00e1ria de Caruaru\/PE. Essas homenagens destacaram a not\u00f3ria contribui\u00e7\u00e3o desses indiv\u00edduos e da institui\u00e7\u00e3o ao longo de duas d\u00e9cadas de servi\u00e7o dedicado \u00e0 comunidade.<\/p>\n<p>A presen\u00e7a de autoridades foi marcante, incluindo a participa\u00e7\u00e3o de Rodrigo Pinheiro, Prefeito de Caruaru, que testemunhou o reconhecimento p\u00fablico desses profissionais e da institui\u00e7\u00e3o pela sua incans\u00e1vel dedica\u00e7\u00e3o \u00e0 causa da justi\u00e7a.<\/p>\n<p>A Justi\u00e7a Federal desempenha um papel fundamental na garantia dos direitos e na promo\u00e7\u00e3o da justi\u00e7a e igualdade para todos os cidad\u00e3os. Ao longo desses 20 anos, a Justi\u00e7a Federal em Caruaru tem sido um pilar de estabilidade e justi\u00e7a na regi\u00e3o, oferecendo acesso \u00e0 justi\u00e7a e resolvendo conflitos de maneira imparcial e eficaz.<\/p>\n<p>O vereador Jorge Quintino expressou seu imenso orgulho e gratid\u00e3o a todos os homenageados e \u00e0 Justi\u00e7a Federal por suas duas d\u00e9cadas de servi\u00e7o distinto e incans\u00e1vel. Ele enfatizou que este marco \u00e9 apenas o come\u00e7o de muitos anos mais de sucesso e contribui\u00e7\u00f5es significativas para a comunidade, na busca por um mundo mais justo e equitativo para todos.<br \/>\nFoto: Divulga\u00e7\u00e3o<br \/>\nSeja seguidor do Instagram do Blog @blogdoedvaldomagalhaes<\/p>\n","protected":false},"excerpt":{"rendered":"<p>Na segunda-feira, dia 20, o vereador Jorge Quintino liderou uma Sess\u00e3o Solene especial em celebra\u00e7\u00e3o aos 20 anos de atividade&hellip;<\/p>\n","protected":false},"author":1,"featured_media":108681,"comment_status":"closed","ping_status":"open","sticky":false,"template":"","format":"standard","meta":{"footnotes":""},"categories":[14122],"tags":[30253,29440,2,28801,20,30582],"class_list":["post-108680","post","type-post","status-publish","format-standard","has-post-thumbnail","hentry","category-politica","tag-blog-caruaru","tag-blog-com-mais-visualizacao","tag-blog-do-edvaldo-magalhaes","tag-blog-mais-acessado","tag-politica","tag-vereador-jorge-quintino-realiza-sessao-solene-em-comemoracao-aos-20-anos-da-justica-federal-em-caruaru"],"_links":{"self":[{"href":"https:\/\/blogdoedvaldomagalhaes.com.br\/index.php\/wp-json\/wp\/v2\/posts\/108680","targetHints":{"allow":["GET"]}}],"collection":[{"href":"https:\/\/blogdoedvaldomagalhaes.com.br\/index.php\/wp-json\/wp\/v2\/posts"}],"about":[{"href":"https:\/\/blogdoedvaldomagalhaes.com.br\/index.php\/wp-json\/wp\/v2\/types\/post"}],"author":[{"embeddable":true,"href":"https:\/\/blogdoedvaldomagalhaes.com.br\/index.php\/wp-json\/wp\/v2\/users\/1"}],"replies":[{"embeddable":true,"href":"https:\/\/blogdoedvaldomagalhaes.com.br\/index.php\/wp-json\/wp\/v2\/comments?post=108680"}],"version-history":[{"count":1,"href":"https:\/\/blogdoedvaldomagalhaes.com.br\/index.php\/wp-json\/wp\/v2\/posts\/108680\/revisions"}],"predecessor-version":[{"id":108682,"href":"https:\/\/blogdoedvaldomagalhaes.com.br\/index.php\/wp-json\/wp\/v2\/posts\/108680\/revisions\/108682"}],"wp:featuredmedia":[{"embeddable":true,"href":"https:\/\/blogdoedvaldomagalhaes.com.br\/index.php\/wp-json\/wp\/v2\/media\/108681"}],"wp:attachment":[{"href":"https:\/\/blogdoedvaldomagalhaes.com.br\/index.php\/wp-json\/wp\/v2\/media?parent=108680"}],"wp:term":[{"taxonomy":"category","embeddable":true,"href":"https:\/\/blogdoedvaldomagalhaes.com.br\/index.php\/wp-json\/wp\/v2\/categories?post=108680"},{"taxonomy":"post_tag","embeddable":true,"href":"https:\/\/blogdoedvaldomagalhaes.com.br\/index.php\/wp-json\/wp\/v2\/tags?post=108680"}],"curies":[{"name":"wp","href":"https:\/\/api.w.org\/{rel}","templated":true}]}}