{"id":108678,"date":"2024-05-21T10:43:40","date_gmt":"2024-05-21T13:43:40","guid":{"rendered":"https:\/\/blogdoedvaldomagalhaes.com.br\/?p=108678"},"modified":"2024-05-21T10:43:41","modified_gmt":"2024-05-21T13:43:41","slug":"vereador-jorge-quintino-propoe-criacao-de-programas-recreativos-e-culturais-inclusivos-para-pessoas-com-tea","status":"publish","type":"post","link":"https:\/\/blogdoedvaldomagalhaes.com.br\/index.php\/2024\/05\/21\/vereador-jorge-quintino-propoe-criacao-de-programas-recreativos-e-culturais-inclusivos-para-pessoas-com-tea\/","title":{"rendered":"Vereador Jorge Quintino Prop\u00f5e Cria\u00e7\u00e3o de Programas Recreativos e Culturais Inclusivos para Pessoas com TEA"},"content":{"rendered":"<p><span style=\"font-size: revert;\">O vereador Jorge Quintino, em exerc\u00edcio de seu mandato representativo, est\u00e1 conduzindo uma iniciativa de grande relev\u00e2ncia para a inclus\u00e3o e integra\u00e7\u00e3o de pessoas com Transtorno do Espectro Autista (TEA) na vida comunit\u00e1ria. Por meio de um requerimento dirigido ao Senhor Rodrigo Pinheiro, Prefeito do Munic\u00edpio, o vereador est\u00e1 solicitando a instaura\u00e7\u00e3o de Programas Recreativos e Culturais inclusivos, com o intuito de oferecer oportunidades de lazer e participa\u00e7\u00e3o social para este segmento da popula\u00e7\u00e3o.<\/span><\/p>\n<p>A proposta de implementa\u00e7\u00e3o de tais programas visa n\u00e3o apenas proporcionar momentos de entretenimento, mas, sobretudo, promover a inclus\u00e3o e a integra\u00e7\u00e3o social das pessoas com TEA. Reconhecendo a import\u00e2ncia fundamental do lazer e da participa\u00e7\u00e3o social para o desenvolvimento pleno e equitativo de todos os cidad\u00e3os, o vereador busca estabelecer mecanismos eficazes para garantir que indiv\u00edduos com necessidades especiais tenham acesso a essas oportunidades de forma igualit\u00e1ria e inclusiva.<\/p>\n<p>Os programas recreativos e culturais inclusivos propostos pelo vereador Quintino t\u00eam como objetivo principal oferecer um ambiente acolhedor e adaptado \u00e0s necessidades espec\u00edficas das pessoas com TEA, proporcionando-lhes a oportunidade de desfrutar de atividades recreativas e culturais em um contexto seguro e inclusivo. Al\u00e9m disso, tais iniciativas visam fomentar o desenvolvimento de habilidades sociais e emocionais, bem como promover a constru\u00e7\u00e3o de v\u00ednculos interpessoais significativos.<\/p>\n<p>Ao reconhecer a import\u00e2ncia da inclus\u00e3o e da diversidade em nossa sociedade, o vereador Jorge Quintino insta as autoridades competentes a considerarem com seriedade esta proposi\u00e7\u00e3o, reconhecendo-a como um passo significativo em dire\u00e7\u00e3o \u00e0 constru\u00e7\u00e3o de uma comunidade mais justa, equitativa e inclusiva para todos os seus membros.<\/p>\n<p>Neste sentido, o vereador convida seus pares, bem como a sociedade civil organizada, a se unirem a ele nesta causa nobre, assegurando que os direitos e as necessidades das pessoas com TEA sejam devidamente atendidos e respeitados. Juntos, podemos construir uma sociedade onde a diversidade seja celebrada e onde todos tenham a oportunidade de contribuir e prosperar plenamente.<br \/>\nFoto: Vladimir Barreto.<br \/>\nSeja seguidor do Instagram do Blog @blogdoedvaldomagalhaes<\/p>\n","protected":false},"excerpt":{"rendered":"<p>O vereador Jorge Quintino, em exerc\u00edcio de seu mandato representativo, est\u00e1 conduzindo uma iniciativa de grande relev\u00e2ncia para a inclus\u00e3o&hellip;<\/p>\n","protected":false},"author":1,"featured_media":108421,"comment_status":"closed","ping_status":"open","sticky":false,"template":"","format":"standard","meta":{"footnotes":""},"categories":[14122],"tags":[29440,2,28801,20295,30581],"class_list":["post-108678","post","type-post","status-publish","format-standard","has-post-thumbnail","hentry","category-politica","tag-blog-com-mais-visualizacao","tag-blog-do-edvaldo-magalhaes","tag-blog-mais-acessado","tag-politica-2","tag-vereador-jorge-quintino-propoe-criacao-de-programas-recreativos-e-culturais-inclusivos-para-pessoas-com-tea"],"_links":{"self":[{"href":"https:\/\/blogdoedvaldomagalhaes.com.br\/index.php\/wp-json\/wp\/v2\/posts\/108678","targetHints":{"allow":["GET"]}}],"collection":[{"href":"https:\/\/blogdoedvaldomagalhaes.com.br\/index.php\/wp-json\/wp\/v2\/posts"}],"about":[{"href":"https:\/\/blogdoedvaldomagalhaes.com.br\/index.php\/wp-json\/wp\/v2\/types\/post"}],"author":[{"embeddable":true,"href":"https:\/\/blogdoedvaldomagalhaes.com.br\/index.php\/wp-json\/wp\/v2\/users\/1"}],"replies":[{"embeddable":true,"href":"https:\/\/blogdoedvaldomagalhaes.com.br\/index.php\/wp-json\/wp\/v2\/comments?post=108678"}],"version-history":[{"count":1,"href":"https:\/\/blogdoedvaldomagalhaes.com.br\/index.php\/wp-json\/wp\/v2\/posts\/108678\/revisions"}],"predecessor-version":[{"id":108679,"href":"https:\/\/blogdoedvaldomagalhaes.com.br\/index.php\/wp-json\/wp\/v2\/posts\/108678\/revisions\/108679"}],"wp:featuredmedia":[{"embeddable":true,"href":"https:\/\/blogdoedvaldomagalhaes.com.br\/index.php\/wp-json\/wp\/v2\/media\/108421"}],"wp:attachment":[{"href":"https:\/\/blogdoedvaldomagalhaes.com.br\/index.php\/wp-json\/wp\/v2\/media?parent=108678"}],"wp:term":[{"taxonomy":"category","embeddable":true,"href":"https:\/\/blogdoedvaldomagalhaes.com.br\/index.php\/wp-json\/wp\/v2\/categories?post=108678"},{"taxonomy":"post_tag","embeddable":true,"href":"https:\/\/blogdoedvaldomagalhaes.com.br\/index.php\/wp-json\/wp\/v2\/tags?post=108678"}],"curies":[{"name":"wp","href":"https:\/\/api.w.org\/{rel}","templated":true}]}}