{"id":108675,"date":"2024-05-21T10:33:23","date_gmt":"2024-05-21T13:33:23","guid":{"rendered":"https:\/\/blogdoedvaldomagalhaes.com.br\/?p=108675"},"modified":"2024-05-21T10:33:24","modified_gmt":"2024-05-21T13:33:24","slug":"prefeito-rodrigo-pinheiro-certifica-agentes-de-transito-participantes-do-curso-sobre-direitos-humanos-aplicado-ao-transito","status":"publish","type":"post","link":"https:\/\/blogdoedvaldomagalhaes.com.br\/index.php\/2024\/05\/21\/prefeito-rodrigo-pinheiro-certifica-agentes-de-transito-participantes-do-curso-sobre-direitos-humanos-aplicado-ao-transito\/","title":{"rendered":"Prefeito Rodrigo Pinheiro certifica agentes de tr\u00e2nsito participantes do curso sobre direitos humanos aplicado ao tr\u00e2nsito"},"content":{"rendered":"<p>O Prefeito Rodrigo Pinheiro, na manh\u00e3 dessa segunda-feira (20), no audit\u00f3rio do armaz\u00e9m da criatividade, certificou agentes de tr\u00e2nsito que participam do curso sobre os direitos humanos aplicado ao tr\u00e2nsito.<\/p>\n<p>Na ocasi\u00e3o participou o presidente da AMTTC Cel. \u00c9dson N\u00f3brega, o secret\u00e1rio executivo Isaque Barbosa, a secretaria de pol\u00edticas para as mulheres Luana Marabuco, o secret\u00e1rio de desenvolvimento rural Manoel J\u00fanior, os agentes de tr\u00e2nsito da AMTTC, representantes da pol\u00edcia militar do 1\u00b0 Biespe, guardas municipais de Gravat\u00e1 e da CTTU da cidade de Toritama. Durante o evento tamb\u00e9m foram entregues os novos fardamentos do efetivo dos agentes de tr\u00e2nsito.\u00a0<\/p>\n<p>O curso aconteceu no Polo Comercial de Caruaru e foi dividido em duas turmas, somando 24 horas de curso, foram ministradas palestras por Stephane Fecline, mulher trans coordenadora de promo\u00e7\u00e3o \u00e0s pol\u00edticas de diversidade e Tamyres Cristiane, gerente de promo\u00e7\u00e3o e defesa dos direitos humanos da SDSDH sob a condu\u00e7\u00e3o do Cel. Moura. Nas palestras e rodas de debates foram discutidos assuntos referentes a sexualidade, orienta\u00e7\u00e3o de g\u00eanero, racial, comportamentos sociais, as formas corretas de abordagem e reconhecimento de g\u00eanero, nome social, humaniza\u00e7\u00e3o nas fiscaliza\u00e7\u00f5es de tr\u00e2nsito.\u00a0<\/p>\n<p>\u201cO trabalho deve ser constante nos quatro cantos da cidade, e \u00e9 de extrema import\u00e2ncia essa humaniza\u00e7\u00e3o para o cuidado com a popula\u00e7\u00e3o, tendo em vista que essa rede deve ser fortalecida. Estamos aumentando o efetivo com o an\u00fancio de mais um concurso p\u00fablico, estamos avan\u00e7ando em todas as secretarias e a seguran\u00e7a p\u00fablica e vi\u00e1ria tem sido parte importante da nossa gest\u00e3o e vamos continuar com esse olhar avan\u00e7ado para desenvolver ainda mais a nossa cidade\u201d, destacou o prefeito de Caruaru, Rodrigo Pinheiro.<\/p>\n<p>Os direitos humanos s\u00e3o os direitos fundamentais e inalien\u00e1veis que todas as pessoas possuem simplesmente por serem humanas. Eles incluem direitos civis, pol\u00edticos, econ\u00f4micos, sociais e culturais, e s\u00e3o protegidos por leis internacionais e nacionais para garantir a dignidade, liberdade e igualdade de todas as pessoas.<\/p>\n<p>\u201cQuando se discute e promove pol\u00edticas igualit\u00e1rias atreladas aos direitos humanos, podemos aumentar a conscientiza\u00e7\u00e3o sobre as formas de discrimina\u00e7\u00e3o, injusti\u00e7a e abuso, e trabalhar de forma efetiva para proteger os indiv\u00edduos contra essas viola\u00e7\u00f5es e nisto est\u00e1 inclu\u00eddo o tr\u00e2nsito e seus pilares\u201d, destacou Edson N\u00f3brega, presidente da AMTTC.<br \/>\nFoto: Divulga\u00e7\u00e3o\/Secom\/PMC.<br \/>\nSeja seguidor do Instagram do Blog @blogdoedvaldomagalhaes<\/p>\n","protected":false},"excerpt":{"rendered":"<p>O Prefeito Rodrigo Pinheiro, na manh\u00e3 dessa segunda-feira (20), no audit\u00f3rio do armaz\u00e9m da criatividade, certificou agentes de tr\u00e2nsito que&hellip;<\/p>\n","protected":false},"author":1,"featured_media":108676,"comment_status":"closed","ping_status":"open","sticky":false,"template":"","format":"standard","meta":{"footnotes":""},"categories":[14122],"tags":[29440,27410,2,28801,20,30580],"class_list":["post-108675","post","type-post","status-publish","format-standard","has-post-thumbnail","hentry","category-politica","tag-blog-com-mais-visualizacao","tag-blog-de-caruaru","tag-blog-do-edvaldo-magalhaes","tag-blog-mais-acessado","tag-politica","tag-prefeito-rodrigo-pinheiro-certifica-agentes-de-transito-participantes-do-curso-sobre-direitos-humanos-aplicado-ao-transito"],"_links":{"self":[{"href":"https:\/\/blogdoedvaldomagalhaes.com.br\/index.php\/wp-json\/wp\/v2\/posts\/108675","targetHints":{"allow":["GET"]}}],"collection":[{"href":"https:\/\/blogdoedvaldomagalhaes.com.br\/index.php\/wp-json\/wp\/v2\/posts"}],"about":[{"href":"https:\/\/blogdoedvaldomagalhaes.com.br\/index.php\/wp-json\/wp\/v2\/types\/post"}],"author":[{"embeddable":true,"href":"https:\/\/blogdoedvaldomagalhaes.com.br\/index.php\/wp-json\/wp\/v2\/users\/1"}],"replies":[{"embeddable":true,"href":"https:\/\/blogdoedvaldomagalhaes.com.br\/index.php\/wp-json\/wp\/v2\/comments?post=108675"}],"version-history":[{"count":1,"href":"https:\/\/blogdoedvaldomagalhaes.com.br\/index.php\/wp-json\/wp\/v2\/posts\/108675\/revisions"}],"predecessor-version":[{"id":108677,"href":"https:\/\/blogdoedvaldomagalhaes.com.br\/index.php\/wp-json\/wp\/v2\/posts\/108675\/revisions\/108677"}],"wp:featuredmedia":[{"embeddable":true,"href":"https:\/\/blogdoedvaldomagalhaes.com.br\/index.php\/wp-json\/wp\/v2\/media\/108676"}],"wp:attachment":[{"href":"https:\/\/blogdoedvaldomagalhaes.com.br\/index.php\/wp-json\/wp\/v2\/media?parent=108675"}],"wp:term":[{"taxonomy":"category","embeddable":true,"href":"https:\/\/blogdoedvaldomagalhaes.com.br\/index.php\/wp-json\/wp\/v2\/categories?post=108675"},{"taxonomy":"post_tag","embeddable":true,"href":"https:\/\/blogdoedvaldomagalhaes.com.br\/index.php\/wp-json\/wp\/v2\/tags?post=108675"}],"curies":[{"name":"wp","href":"https:\/\/api.w.org\/{rel}","templated":true}]}}