{"id":108667,"date":"2024-05-21T08:51:47","date_gmt":"2024-05-21T11:51:47","guid":{"rendered":"https:\/\/blogdoedvaldomagalhaes.com.br\/?p=108667"},"modified":"2024-05-21T09:00:18","modified_gmt":"2024-05-21T12:00:18","slug":"prefeitura-de-caruaru-abre-inscricoes-para-o-conselho-de-ciencia-tecnologia-e-inovacao","status":"publish","type":"post","link":"https:\/\/blogdoedvaldomagalhaes.com.br\/index.php\/2024\/05\/21\/prefeitura-de-caruaru-abre-inscricoes-para-o-conselho-de-ciencia-tecnologia-e-inovacao\/","title":{"rendered":"Prefeitura de Caruaru abre inscri\u00e7\u00f5es para o Conselho de Ci\u00eancia, Tecnologia e Inova\u00e7\u00e3o"},"content":{"rendered":"<p>A Prefeitura de Caruaru, por meio da Secretaria de Desenvolvimento Econ\u00f4mico e Economia Criativa (Sedetec), informa que est\u00e3o abertas as inscri\u00e7\u00f5es para substitutos de composi\u00e7\u00e3o do Conselho de Ci\u00eancia, Tecnologia e Inova\u00e7\u00e3o de Caruaru (CoMCiTI). A medida \u00e9 para o cumprimento do artigo 6\u00ba do Regimento Interno do CoMCiTI.<\/p>\n<p>As institui\u00e7\u00f5es e\/ou pessoas interessadas em fazer parte do Conselho, devem se adequar \u00e0s seguintes vagas: <\/p>\n<p>Institui\u00e7\u00e3o p\u00fablica e privada, que atuem em prol da Ci\u00eancia, Tecnologia e Inova\u00e7\u00e3o no munic\u00edpio de Caruaru (Associa\u00e7\u00f5es, Centros de Tecnologia e Inova\u00e7\u00e3o, etc);<\/p>\n<p>Representantes com not\u00f3rio saber no campo da Ci\u00eancia, Tecnologia e Inova\u00e7\u00e3o no munic\u00edpio de Caruaru;<br \/>\nInstitui\u00e7\u00e3o de ensino superior estabelecidas e domiciliadas no munic\u00edpio de Caruaru.<\/p>\n<p>Os interessados devem preencher o formul\u00e1rio dispon\u00edvel no link https:\/\/forms.gle\/sgA3sBVqJCM5Shfb8 e aguardar decis\u00e3o do plen\u00e1rio do Conselho, no dia 4 de junho, a partir das 16h. Haver\u00e1, posteriormente, publica\u00e7\u00e3o no Di\u00e1rio Oficial do Munic\u00edpio. Foto: Divulga\u00e7\u00e3o\/PMC<br \/>\nSeja seguidor do Instagram do Blog @blogdoedvaldomagalhaes<\/p>\n","protected":false},"excerpt":{"rendered":"<p>A Prefeitura de Caruaru, por meio da Secretaria de Desenvolvimento Econ\u00f4mico e Economia Criativa (Sedetec), informa que est\u00e3o abertas as&hellip;<\/p>\n","protected":false},"author":1,"featured_media":108668,"comment_status":"closed","ping_status":"open","sticky":false,"template":"","format":"standard","meta":{"footnotes":""},"categories":[14120],"tags":[30253,28803,29062,30577,30578],"class_list":["post-108667","post","type-post","status-publish","format-standard","has-post-thumbnail","hentry","category-noticias","tag-blog-caruaru","tag-blog-com-mais-visualizacoes","tag-blog-mais-visualizado","tag-prefeitura-de-caruaru-abre-inscricoes-para-o-conselho-de-ciencia","tag-tecnologia-e-inovacao"],"_links":{"self":[{"href":"https:\/\/blogdoedvaldomagalhaes.com.br\/index.php\/wp-json\/wp\/v2\/posts\/108667","targetHints":{"allow":["GET"]}}],"collection":[{"href":"https:\/\/blogdoedvaldomagalhaes.com.br\/index.php\/wp-json\/wp\/v2\/posts"}],"about":[{"href":"https:\/\/blogdoedvaldomagalhaes.com.br\/index.php\/wp-json\/wp\/v2\/types\/post"}],"author":[{"embeddable":true,"href":"https:\/\/blogdoedvaldomagalhaes.com.br\/index.php\/wp-json\/wp\/v2\/users\/1"}],"replies":[{"embeddable":true,"href":"https:\/\/blogdoedvaldomagalhaes.com.br\/index.php\/wp-json\/wp\/v2\/comments?post=108667"}],"version-history":[{"count":1,"href":"https:\/\/blogdoedvaldomagalhaes.com.br\/index.php\/wp-json\/wp\/v2\/posts\/108667\/revisions"}],"predecessor-version":[{"id":108669,"href":"https:\/\/blogdoedvaldomagalhaes.com.br\/index.php\/wp-json\/wp\/v2\/posts\/108667\/revisions\/108669"}],"wp:featuredmedia":[{"embeddable":true,"href":"https:\/\/blogdoedvaldomagalhaes.com.br\/index.php\/wp-json\/wp\/v2\/media\/108668"}],"wp:attachment":[{"href":"https:\/\/blogdoedvaldomagalhaes.com.br\/index.php\/wp-json\/wp\/v2\/media?parent=108667"}],"wp:term":[{"taxonomy":"category","embeddable":true,"href":"https:\/\/blogdoedvaldomagalhaes.com.br\/index.php\/wp-json\/wp\/v2\/categories?post=108667"},{"taxonomy":"post_tag","embeddable":true,"href":"https:\/\/blogdoedvaldomagalhaes.com.br\/index.php\/wp-json\/wp\/v2\/tags?post=108667"}],"curies":[{"name":"wp","href":"https:\/\/api.w.org\/{rel}","templated":true}]}}