{"id":108664,"date":"2024-05-21T08:38:21","date_gmt":"2024-05-21T11:38:21","guid":{"rendered":"https:\/\/blogdoedvaldomagalhaes.com.br\/?p=108664"},"modified":"2024-05-21T09:03:35","modified_gmt":"2024-05-21T12:03:35","slug":"hmv-inicia-a-programacao-da-da-10a-semana-de-enfermagem","status":"publish","type":"post","link":"https:\/\/blogdoedvaldomagalhaes.com.br\/index.php\/2024\/05\/21\/hmv-inicia-a-programacao-da-da-10a-semana-de-enfermagem\/","title":{"rendered":"HMV inicia a programa\u00e7\u00e3o da da 10\u00aa Semana de Enfermagem"},"content":{"rendered":"<p>Come\u00e7ou nessa segunda-feira (20.05) at\u00e9 a sexta-feira (24.05), o Hospital Mestre Vitalino (HMV) est\u00e1 vivenciando a X Semana de Enfermagem. A programa\u00e7\u00e3o teve in\u00edcio ontem \u00e0s 10h30 com uma atividade laboral com a equipe de fisioterapia, a pr\u00e1tica foi realizada na \u00e1rea de sa\u00edda das ambul\u00e2ncias, nos hall\u2019s do primeiro e segundo andar da \u00e1rea hospitalar, nas UTI\u2019s e no bloco cir\u00fargico.<\/p>\n<p>A programa\u00e7\u00e3o do evento disp\u00f5e de atividades noturnas, para contemplar as equipes de plantonistas. Ontem \u00e0s 20h foi realizada a palestra \u201cM\u00e9todos Osteop\u00e1ticos para tratamento de disfun\u00e7\u00e3o lombar\u201d, no audit\u00f3rio do HMV. Neste ano, o tema central do evento \u00e9 \u201cPr\u00e1ticas Integrativas e os Cuidados Humanescentes na Enfermagem\u201d.<\/p>\n<p>Hoje (21), a programa\u00e7\u00e3o foi iniciada \u00e0s 6h com um caf\u00e9 da manh\u00e3 para a enfermagem. \u00c0s 10h30 e \u00e0s 20h ser\u00e3o realizadas as mesmas a\u00e7\u00f5es da programa\u00e7\u00e3o de ontem. Na quarta (22), o dia come\u00e7ar\u00e1 mais uma vez com um caf\u00e9 da manh\u00e3 e seguir\u00e1 com uma s\u00e9rie de oficinas integrativas das 09h \u00e0s 12h e das 13h \u00e0s 16h, no audit\u00f3rio da unidade. No hor\u00e1rio das 09h \u00e0s 12h haver\u00e1 tamb\u00e9m uma oficina de auriculoterapia na sala de reuni\u00f5es.<\/p>\n<p>Na quinta-feira (23) ser\u00e1 realizada mais uma s\u00e9rie de oficinas integrativas, seguindo os mesmos hor\u00e1rios. Enquanto isso, neste dia a oficina de auriculoterapia ser\u00e1 realizada das 09h \u00e0s 12h e das 13 \u00e0s 16h. O encerramento na sexta (24) acontecer\u00e1 \u00e0s 14h com a presen\u00e7a da equipe de psicologia, seguida da apresenta\u00e7\u00e3o do projeto \u201cSanfona para Elas\u201d e um coffee break. Foto: Divulga\u00e7\u00e3o.<br \/>\nSeja seguidor do Instagram do Blog @blogdoedvaldomagalhaes<\/p>\n<p><img loading=\"lazy\" decoding=\"async\" src=\"https:\/\/blogdoedvaldomagalhaes.com.br\/wp-content\/uploads\/2024\/05\/img-20240521-wa00448004299564457467449.jpg\" class=\"alignnone size-full wp-image-108670\" width=\"879\" height=\"493\" srcset=\"https:\/\/blogdoedvaldomagalhaes.com.br\/wp-content\/uploads\/2024\/05\/img-20240521-wa00448004299564457467449.jpg 879w, https:\/\/blogdoedvaldomagalhaes.com.br\/wp-content\/uploads\/2024\/05\/img-20240521-wa00448004299564457467449-300x168.jpg 300w, https:\/\/blogdoedvaldomagalhaes.com.br\/wp-content\/uploads\/2024\/05\/img-20240521-wa00448004299564457467449-768x431.jpg 768w, https:\/\/blogdoedvaldomagalhaes.com.br\/wp-content\/uploads\/2024\/05\/img-20240521-wa00448004299564457467449-720x405.jpg 720w\" sizes=\"auto, (max-width: 879px) 100vw, 879px\" \/><\/p>\n","protected":false},"excerpt":{"rendered":"<p>Come\u00e7ou nessa segunda-feira (20.05) at\u00e9 a sexta-feira (24.05), o Hospital Mestre Vitalino (HMV) est\u00e1 vivenciando a X Semana de Enfermagem.&hellip;<\/p>\n","protected":false},"author":1,"featured_media":108665,"comment_status":"closed","ping_status":"open","sticky":false,"template":"","format":"standard","meta":{"footnotes":""},"categories":[14120],"tags":[29440,2,28801,30576],"class_list":["post-108664","post","type-post","status-publish","format-standard","has-post-thumbnail","hentry","category-noticias","tag-blog-com-mais-visualizacao","tag-blog-do-edvaldo-magalhaes","tag-blog-mais-acessado","tag-hmv-inicia-a-programacao-da-da-10a-semana-de-enfermagem"],"_links":{"self":[{"href":"https:\/\/blogdoedvaldomagalhaes.com.br\/index.php\/wp-json\/wp\/v2\/posts\/108664","targetHints":{"allow":["GET"]}}],"collection":[{"href":"https:\/\/blogdoedvaldomagalhaes.com.br\/index.php\/wp-json\/wp\/v2\/posts"}],"about":[{"href":"https:\/\/blogdoedvaldomagalhaes.com.br\/index.php\/wp-json\/wp\/v2\/types\/post"}],"author":[{"embeddable":true,"href":"https:\/\/blogdoedvaldomagalhaes.com.br\/index.php\/wp-json\/wp\/v2\/users\/1"}],"replies":[{"embeddable":true,"href":"https:\/\/blogdoedvaldomagalhaes.com.br\/index.php\/wp-json\/wp\/v2\/comments?post=108664"}],"version-history":[{"count":2,"href":"https:\/\/blogdoedvaldomagalhaes.com.br\/index.php\/wp-json\/wp\/v2\/posts\/108664\/revisions"}],"predecessor-version":[{"id":108671,"href":"https:\/\/blogdoedvaldomagalhaes.com.br\/index.php\/wp-json\/wp\/v2\/posts\/108664\/revisions\/108671"}],"wp:featuredmedia":[{"embeddable":true,"href":"https:\/\/blogdoedvaldomagalhaes.com.br\/index.php\/wp-json\/wp\/v2\/media\/108665"}],"wp:attachment":[{"href":"https:\/\/blogdoedvaldomagalhaes.com.br\/index.php\/wp-json\/wp\/v2\/media?parent=108664"}],"wp:term":[{"taxonomy":"category","embeddable":true,"href":"https:\/\/blogdoedvaldomagalhaes.com.br\/index.php\/wp-json\/wp\/v2\/categories?post=108664"},{"taxonomy":"post_tag","embeddable":true,"href":"https:\/\/blogdoedvaldomagalhaes.com.br\/index.php\/wp-json\/wp\/v2\/tags?post=108664"}],"curies":[{"name":"wp","href":"https:\/\/api.w.org\/{rel}","templated":true}]}}