{"id":108444,"date":"2024-05-13T18:12:45","date_gmt":"2024-05-13T21:12:45","guid":{"rendered":"https:\/\/blogdoedvaldomagalhaes.com.br\/?p=108444"},"modified":"2024-05-13T18:12:46","modified_gmt":"2024-05-13T21:12:46","slug":"secretaria-de-saude-de-caruaru-promove-vacinacao-na-via-parque-e-no-shopping-difusora","status":"publish","type":"post","link":"https:\/\/blogdoedvaldomagalhaes.com.br\/index.php\/2024\/05\/13\/secretaria-de-saude-de-caruaru-promove-vacinacao-na-via-parque-e-no-shopping-difusora\/","title":{"rendered":"Secretaria de Sa\u00fade de Caruaru promove vacina\u00e7\u00e3o na Via Parque e no Shopping Difusora"},"content":{"rendered":"<p>A Secretaria Municipal de Sa\u00fade de Caruaru (SMS), disponibilizar\u00e1 dois pontos extras de vacina\u00e7\u00e3o contra a gripe, para esta semana. Um deles ser\u00e1 na Via Parque, em frente ao INSS, onde a equipe de vacinadores vai estar na ter\u00e7a (14), das 17h \u00e0s 20h30, e na quarta (15) e sexta (18), das 14h \u00e0s 20h30. O outro ponto ser\u00e1 no Shopping Difusora, onde a a\u00e7\u00e3o vai acontecer na quarta-feira (15), das 10h \u00e0s 16h. Todos poder\u00e3o se vacinar contra o Influenza, com idade acima de seis meses de idade. Para receber o imunizante, basta comparecer a um dos locais, portando a Caderneta de Vacina\u00e7\u00e3o e o CPF ou o Cart\u00e3o do SUS. <\/p>\n<p>Apesar da campanha ter sido ampliada para o p\u00fablico em geral, acima dos seis meses de idade, os grupos priorit\u00e1rios continuam sendo atendidos pela campanha. S\u00e3o eles: crian\u00e7as de seis meses a cinco anos, onze meses e 29 dias de idade; gestantes, pu\u00e9rperas (at\u00e9 45 dias ap\u00f3s o parto); idosos a partir de 60 anos; trabalhadores da Sa\u00fade; professores; pacientes com comorbidades; pessoas com defici\u00eancia permanente; profissionais das for\u00e7as armadas, de seguran\u00e7a e salvamento; caminhoneiros; trabalhadores de transporte coletivo; popula\u00e7\u00e3o privada de liberdade; funcion\u00e1rios do sistema de priva\u00e7\u00e3o de liberdade; jovens de 12 a 21 anos em medidas socioeducativas.<\/p>\n<p>A vacina contra Influenza \u00e9 produzida a partir do v\u00edrus inativado e protege contra tr\u00eas tipos de cepas da doen\u00e7a: H1N1,H3N2 e a linhagem \u201cB\u201d Victoria.<\/p>\n<p>*Servi\u00e7o:*<\/p>\n<p>A\u00e7\u00f5es de Vacina\u00e7\u00e3o contra o Influenza na Via Parque e Shopping Difusora<\/p>\n<p>. Pontos:<br \/>\n&#8211; Via Parque (em frente ao INSS)<br \/>\nDias \/ hor\u00e1rios: ter\u00e7a (14): das 17h \u00e0s 20h30 \/ quarta (15): 14h \u00e0s 20h30 \/ sexta (17): das 14h \u00e0s 20h30<br \/>\n&#8211; Shopping Difusora<br \/>\nDia \/ hor\u00e1rio: quarta (15) \/ das 10h \u00e0s 16h<\/p>\n<p>. P\u00fablico-alvo: Pessoas acima de seis meses de idade.<br \/>\nFoto: Jorge Farias\/Secom\/PMC<br \/>\nSeja seguidor do Instagram do Blog @blogdoedvaldomagalhaes<\/p>\n","protected":false},"excerpt":{"rendered":"<p>A Secretaria Municipal de Sa\u00fade de Caruaru (SMS), disponibilizar\u00e1 dois pontos extras de vacina\u00e7\u00e3o contra a gripe, para esta semana.&hellip;<\/p>\n","protected":false},"author":1,"featured_media":108445,"comment_status":"closed","ping_status":"open","sticky":false,"template":"","format":"standard","meta":{"footnotes":""},"categories":[14120],"tags":[29440,27410,2,28801,30502],"class_list":["post-108444","post","type-post","status-publish","format-standard","has-post-thumbnail","hentry","category-noticias","tag-blog-com-mais-visualizacao","tag-blog-de-caruaru","tag-blog-do-edvaldo-magalhaes","tag-blog-mais-acessado","tag-secretaria-de-saude-de-caruaru-promove-vacinacao-na-via-parque-e-no-shopping-difusora"],"_links":{"self":[{"href":"https:\/\/blogdoedvaldomagalhaes.com.br\/index.php\/wp-json\/wp\/v2\/posts\/108444","targetHints":{"allow":["GET"]}}],"collection":[{"href":"https:\/\/blogdoedvaldomagalhaes.com.br\/index.php\/wp-json\/wp\/v2\/posts"}],"about":[{"href":"https:\/\/blogdoedvaldomagalhaes.com.br\/index.php\/wp-json\/wp\/v2\/types\/post"}],"author":[{"embeddable":true,"href":"https:\/\/blogdoedvaldomagalhaes.com.br\/index.php\/wp-json\/wp\/v2\/users\/1"}],"replies":[{"embeddable":true,"href":"https:\/\/blogdoedvaldomagalhaes.com.br\/index.php\/wp-json\/wp\/v2\/comments?post=108444"}],"version-history":[{"count":1,"href":"https:\/\/blogdoedvaldomagalhaes.com.br\/index.php\/wp-json\/wp\/v2\/posts\/108444\/revisions"}],"predecessor-version":[{"id":108446,"href":"https:\/\/blogdoedvaldomagalhaes.com.br\/index.php\/wp-json\/wp\/v2\/posts\/108444\/revisions\/108446"}],"wp:featuredmedia":[{"embeddable":true,"href":"https:\/\/blogdoedvaldomagalhaes.com.br\/index.php\/wp-json\/wp\/v2\/media\/108445"}],"wp:attachment":[{"href":"https:\/\/blogdoedvaldomagalhaes.com.br\/index.php\/wp-json\/wp\/v2\/media?parent=108444"}],"wp:term":[{"taxonomy":"category","embeddable":true,"href":"https:\/\/blogdoedvaldomagalhaes.com.br\/index.php\/wp-json\/wp\/v2\/categories?post=108444"},{"taxonomy":"post_tag","embeddable":true,"href":"https:\/\/blogdoedvaldomagalhaes.com.br\/index.php\/wp-json\/wp\/v2\/tags?post=108444"}],"curies":[{"name":"wp","href":"https:\/\/api.w.org\/{rel}","templated":true}]}}