{"id":108441,"date":"2024-05-13T17:51:53","date_gmt":"2024-05-13T20:51:53","guid":{"rendered":"https:\/\/blogdoedvaldomagalhaes.com.br\/?p=108441"},"modified":"2024-05-13T17:51:54","modified_gmt":"2024-05-13T20:51:54","slug":"expresso-empreendedor-caruaru-alerta-para-o-fim-do-prazo-da-entrega-da-declaracao-anual-do-mei","status":"publish","type":"post","link":"https:\/\/blogdoedvaldomagalhaes.com.br\/index.php\/2024\/05\/13\/expresso-empreendedor-caruaru-alerta-para-o-fim-do-prazo-da-entrega-da-declaracao-anual-do-mei\/","title":{"rendered":"Expresso Empreendedor Caruaru alerta para o fim do prazo da entrega da declara\u00e7\u00e3o anual do MEI"},"content":{"rendered":"<p>O Expresso Empreendedor de Caruaru orienta seus usu\u00e1rios sobre o fim do prazo para entrega da declara\u00e7\u00e3o anual de faturamento, conhecida como DASN-SIMEI (Declara\u00e7\u00e3o Anual do Simples Nacional). <\/p>\n<p>Essa declara\u00e7\u00e3o tem car\u00e1ter obrigat\u00f3rio para todos os Microempreendedores Individuais (MEI\u2019s), inclusive para aqueles que n\u00e3o tiveram nenhum faturamento durante o ano. O per\u00edodo para emiss\u00e3o da DASN-SIMEI chega ao fim no pr\u00f3ximo dia 31 de maio.  Quem n\u00e3o fizer ou perder o prazo ter\u00e1 que pagar uma multa por atraso. <\/p>\n<p>O atendimento ao p\u00fablico no Expresso Empreendedor funciona de segunda a sexta-feira, das 8h \u00e0s 13h, sem agendamento pr\u00e9vio, na Rua Armando da Fonte,15, no centro de Caruaru. Para outras informa\u00e7\u00f5es, pode ser feito contato pelo telefone 81 3725-7600. Foto: Divulga\u00e7\u00e3o<br \/>\nSeja seguidor do Instagram do Blog @blogdoedvadomagalhaes<\/p>\n","protected":false},"excerpt":{"rendered":"<p>O Expresso Empreendedor de Caruaru orienta seus usu\u00e1rios sobre o fim do prazo para entrega da declara\u00e7\u00e3o anual de faturamento,&hellip;<\/p>\n","protected":false},"author":1,"featured_media":108442,"comment_status":"closed","ping_status":"open","sticky":false,"template":"","format":"standard","meta":{"footnotes":""},"categories":[14120],"tags":[29440,2,28801,3406,30501],"class_list":["post-108441","post","type-post","status-publish","format-standard","has-post-thumbnail","hentry","category-noticias","tag-blog-com-mais-visualizacao","tag-blog-do-edvaldo-magalhaes","tag-blog-mais-acessado","tag-caruaru","tag-expresso-empreendedor-caruaru-alerta-para-o-fim-do-prazo-da-entrega-da-declaracao-anual-do-mei"],"_links":{"self":[{"href":"https:\/\/blogdoedvaldomagalhaes.com.br\/index.php\/wp-json\/wp\/v2\/posts\/108441","targetHints":{"allow":["GET"]}}],"collection":[{"href":"https:\/\/blogdoedvaldomagalhaes.com.br\/index.php\/wp-json\/wp\/v2\/posts"}],"about":[{"href":"https:\/\/blogdoedvaldomagalhaes.com.br\/index.php\/wp-json\/wp\/v2\/types\/post"}],"author":[{"embeddable":true,"href":"https:\/\/blogdoedvaldomagalhaes.com.br\/index.php\/wp-json\/wp\/v2\/users\/1"}],"replies":[{"embeddable":true,"href":"https:\/\/blogdoedvaldomagalhaes.com.br\/index.php\/wp-json\/wp\/v2\/comments?post=108441"}],"version-history":[{"count":1,"href":"https:\/\/blogdoedvaldomagalhaes.com.br\/index.php\/wp-json\/wp\/v2\/posts\/108441\/revisions"}],"predecessor-version":[{"id":108443,"href":"https:\/\/blogdoedvaldomagalhaes.com.br\/index.php\/wp-json\/wp\/v2\/posts\/108441\/revisions\/108443"}],"wp:featuredmedia":[{"embeddable":true,"href":"https:\/\/blogdoedvaldomagalhaes.com.br\/index.php\/wp-json\/wp\/v2\/media\/108442"}],"wp:attachment":[{"href":"https:\/\/blogdoedvaldomagalhaes.com.br\/index.php\/wp-json\/wp\/v2\/media?parent=108441"}],"wp:term":[{"taxonomy":"category","embeddable":true,"href":"https:\/\/blogdoedvaldomagalhaes.com.br\/index.php\/wp-json\/wp\/v2\/categories?post=108441"},{"taxonomy":"post_tag","embeddable":true,"href":"https:\/\/blogdoedvaldomagalhaes.com.br\/index.php\/wp-json\/wp\/v2\/tags?post=108441"}],"curies":[{"name":"wp","href":"https:\/\/api.w.org\/{rel}","templated":true}]}}