{"id":108439,"date":"2024-05-13T16:07:20","date_gmt":"2024-05-13T19:07:20","guid":{"rendered":"https:\/\/blogdoedvaldomagalhaes.com.br\/?p=108439"},"modified":"2024-05-13T16:07:21","modified_gmt":"2024-05-13T19:07:21","slug":"adolescente-de-15-anos-e-apreendido-em-flagrante-suspeito-de-matar-homossexual-em-caruaru","status":"publish","type":"post","link":"https:\/\/blogdoedvaldomagalhaes.com.br\/index.php\/2024\/05\/13\/adolescente-de-15-anos-e-apreendido-em-flagrante-suspeito-de-matar-homossexual-em-caruaru\/","title":{"rendered":"Adolescente de 15 anos \u00e9 apreendido em flagrante, suspeito de matar homossexual, em Caruaru"},"content":{"rendered":"<p>A Pol\u00edcia Civil de Pernambuco, neste domingo, dia 12\/05\/2024, por meio da For\u00e7a Tarefa de Homic\u00eddios, com apoio do 1\u00ba BIEsp (ROCAM), sob o comando da Delegada Polyana Figueiredo, efetuou a apreens\u00e3o em flagrante de um adolescente por ato infracional an\u00e1logo a Homic\u00eddio Qualificado.<\/p>\n<p>Durante as dilig\u00eancias referentes ao homic\u00eddio praticado contra a v\u00edtima Henrique Luiz da Silva, conhecido como \u201cKarla Mel\u201d, a equipe obteve informa\u00e7\u00f5es de que o autor seria o adolescente e com o apoio o do 1\u00ba BIEsp, seguiram at\u00e9 o S\u00edtio Taquara de S\u00e3o Pedro, ocasi\u00e3o em que foi realizada a abordagem e dada a voz de apreens\u00e3o ao adolescente.<\/p>\n<p>Em depoimento o imputado confessou a pr\u00e1tica do crime, informando que as raz\u00f5es seriam em decorr\u00eancia de receio que a v\u00edtima revelasse a outras pessoas que ambos mantiveram um relacionamento sexual.<\/p>\n<p>Ap\u00f3s lavrado o auto de flagrante de ato infracional, o menor foi apreendido e aguarda apresenta\u00e7\u00e3o ao Minist\u00e9rio P\u00fablico, assim como delibera\u00e7\u00e3o do Ju\u00edzo da Vara da Inf\u00e2ncia.<\/p>\n<p>A delegada Dra. Polyana Figueiredo, disse que o menor afirmou que apenas deu um sossega le\u00e3o na v\u00edtima e que afirmou que quem matou a v\u00edtima foi o seu comparsa, que matou a v\u00edtima a pedradas e que o assassinato ocorreu do s\u00e1bado para o domingo e apesar da afirma\u00e7\u00e3o do adolescente de que o crime teve a participa\u00e7\u00e3o desse outro elemento a delegada disse que tudo isso est\u00e1 sendo investigado.<\/p>\n","protected":false},"excerpt":{"rendered":"<p>A Pol\u00edcia Civil de Pernambuco, neste domingo, dia 12\/05\/2024, por meio da For\u00e7a Tarefa de Homic\u00eddios, com apoio do 1\u00ba&hellip;<\/p>\n","protected":false},"author":1,"featured_media":108428,"comment_status":"closed","ping_status":"open","sticky":false,"template":"","format":"standard","meta":{"footnotes":""},"categories":[14121],"tags":[30500,30253,29440,2,28801],"class_list":["post-108439","post","type-post","status-publish","format-standard","has-post-thumbnail","hentry","category-policial","tag-adolescente-de-15-anos-e-apreendido-em-flagrante-suspeito-de-matar-homossexual-em-caruaru","tag-blog-caruaru","tag-blog-com-mais-visualizacao","tag-blog-do-edvaldo-magalhaes","tag-blog-mais-acessado"],"_links":{"self":[{"href":"https:\/\/blogdoedvaldomagalhaes.com.br\/index.php\/wp-json\/wp\/v2\/posts\/108439","targetHints":{"allow":["GET"]}}],"collection":[{"href":"https:\/\/blogdoedvaldomagalhaes.com.br\/index.php\/wp-json\/wp\/v2\/posts"}],"about":[{"href":"https:\/\/blogdoedvaldomagalhaes.com.br\/index.php\/wp-json\/wp\/v2\/types\/post"}],"author":[{"embeddable":true,"href":"https:\/\/blogdoedvaldomagalhaes.com.br\/index.php\/wp-json\/wp\/v2\/users\/1"}],"replies":[{"embeddable":true,"href":"https:\/\/blogdoedvaldomagalhaes.com.br\/index.php\/wp-json\/wp\/v2\/comments?post=108439"}],"version-history":[{"count":1,"href":"https:\/\/blogdoedvaldomagalhaes.com.br\/index.php\/wp-json\/wp\/v2\/posts\/108439\/revisions"}],"predecessor-version":[{"id":108440,"href":"https:\/\/blogdoedvaldomagalhaes.com.br\/index.php\/wp-json\/wp\/v2\/posts\/108439\/revisions\/108440"}],"wp:featuredmedia":[{"embeddable":true,"href":"https:\/\/blogdoedvaldomagalhaes.com.br\/index.php\/wp-json\/wp\/v2\/media\/108428"}],"wp:attachment":[{"href":"https:\/\/blogdoedvaldomagalhaes.com.br\/index.php\/wp-json\/wp\/v2\/media?parent=108439"}],"wp:term":[{"taxonomy":"category","embeddable":true,"href":"https:\/\/blogdoedvaldomagalhaes.com.br\/index.php\/wp-json\/wp\/v2\/categories?post=108439"},{"taxonomy":"post_tag","embeddable":true,"href":"https:\/\/blogdoedvaldomagalhaes.com.br\/index.php\/wp-json\/wp\/v2\/tags?post=108439"}],"curies":[{"name":"wp","href":"https:\/\/api.w.org\/{rel}","templated":true}]}}