{"id":108436,"date":"2024-05-13T15:32:30","date_gmt":"2024-05-13T18:32:30","guid":{"rendered":"https:\/\/blogdoedvaldomagalhaes.com.br\/?p=108436"},"modified":"2024-05-13T15:32:31","modified_gmt":"2024-05-13T18:32:31","slug":"opiniao-um-treze-de-maio-para-nao-ser-comemorado-por-jorge-quintino","status":"publish","type":"post","link":"https:\/\/blogdoedvaldomagalhaes.com.br\/index.php\/2024\/05\/13\/opiniao-um-treze-de-maio-para-nao-ser-comemorado-por-jorge-quintino\/","title":{"rendered":"Opini\u00e3o: Um Treze de Maio para n\u00e3o ser comemorado &#8211; Por Jorge Quintino"},"content":{"rendered":"<p><span style=\"font-size: revert;\">Embora a Lei \u00c1urea tenha sido promulgada em 1888 e oficialmente tenha abolido a escravid\u00e3o no Brasil, a realidade era muito mais complexa. V\u00e1rios fatores contribu\u00edram para que a liberta\u00e7\u00e3o dos escravos n\u00e3o fosse imediata nem completa, vejamos os fatos:<\/span><\/p>\n<p>N\u00e3o tivemos uma pol\u00edtica de integra\u00e7\u00e3o social e econ\u00f4mica: A aboli\u00e7\u00e3o da escravid\u00e3o n\u00e3o foi acompanhada por pol\u00edticas p\u00fablicas efetivas para integrar os ex-escravos \u00e0 sociedade. Muitos foram simplesmente abandonados \u00e0 pr\u00f3pria sorte, sem terras, educa\u00e7\u00e3o ou meios de subsist\u00eancia. Aonde est\u00e1 a grande maioria dos negros no Brasil? Nas comunidades, na periferia. Sa\u00edram das senzalas para as favelas.<br \/>\nNunca foram indenizados pelos propriet\u00e1rios de escravos: A Lei \u00c1urea compensou financeiramente os propriet\u00e1rios de escravos pela perda de sua &#8220;propriedade&#8221;. Isso perpetuou as desigualdades econ\u00f4micas, uma vez que os escravos libertos n\u00e3o receberam nenhum tipo de indeniza\u00e7\u00e3o ou apoio financeiro.<br \/>\nO racismo estrural continua em nossa sociedade: Mesmo ap\u00f3s a aboli\u00e7\u00e3o, muitos ex-escravos enfrentaram discrimina\u00e7\u00e3o racial e foram relegados a empregos mal remunerados e condi\u00e7\u00f5es de vida prec\u00e1rias.<br \/>\nOs negros continuaram v\u00edtimas ap\u00f3s a \u201cliberta\u00e7\u00e3o! Muitos ex-escravos acabaram presos em um sistema de servid\u00e3o por d\u00edvida, no qual eram obrigados a trabalhar para pagar d\u00edvidas muitas vezes fict\u00edcias.<br \/>\nComo o Brasil nunca fez uma Reforma Agr\u00e1ria s\u00e9ria: Sem acesso \u00e0 terra, os ex-escravos n\u00e3o tinham meios de produzir alimentos ou gerar renda de forma independente. Muitos foram for\u00e7ados a trabalhar como pe\u00f5es em fazendas ou em condi\u00e7\u00f5es semelhantes \u00e0 escravid\u00e3o.<br \/>\nEsses e outros fatores contribu\u00edram para a continua\u00e7\u00e3o da marginaliza\u00e7\u00e3o e da pobreza entre os afrodescendentes no Brasil, mesmo ap\u00f3s a aboli\u00e7\u00e3o formal da escravid\u00e3o. Portanto, a Lei \u00c1urea n\u00e3o representou verdadeiramente a liberta\u00e7\u00e3o completa e igualit\u00e1ria dos escravos no pa\u00eds.<br \/>\nA aboli\u00e7\u00e3o da escravatura em 1888 foi um marco importante na hist\u00f3ria do Brasil, mas infelizmente n\u00e3o foi o fim das formas de trabalho semelhantes \u00e0 escravid\u00e3o. O trabalho an\u00e1logo \u00e0 escravid\u00e3o persiste em v\u00e1rias formas, como trabalho for\u00e7ado, servid\u00e3o por d\u00edvida, condi\u00e7\u00f5es de trabalho degradantes e outras pr\u00e1ticas desumanas.<br \/>\nA persist\u00eancia desse problema reflete quest\u00f5es estruturais profundas na sociedade brasileira, incluindo desigualdade socioecon\u00f4mica, falta de acesso \u00e0 educa\u00e7\u00e3o e oportunidades, impunidade para aqueles que exploram os trabalhadores e falhas no sistema de aplica\u00e7\u00e3o da lei.<br \/>\nPara erradicar o trabalho an\u00e1logo \u00e0 escravid\u00e3o, \u00e9 necess\u00e1rio um esfor\u00e7o conjunto de governos, empresas, sociedade civil e organiza\u00e7\u00f5es internacionais para fortalecer as leis trabalhistas, garantir a prote\u00e7\u00e3o dos direitos humanos, promover o desenvolvimento econ\u00f4mico inclusivo e combater a discrimina\u00e7\u00e3o e o preconceito em todas as suas formas. \u00c9 uma batalha cont\u00ednua, mas \u00e9 essencial continuar pressionando por mudan\u00e7as e apoiar iniciativas que visam acabar com todas as formas de explora\u00e7\u00e3o e injusti\u00e7a.<br \/>\nJorge Quintino \u00e9 Mestre em Hist\u00f3ria pela UFPE, Advogado e Vereador em Caruaru.<\/p>\n<p>Foto: Divulga\u00e7\u00e3o<\/p>\n<p>Seja seguidor do Instagram do Blog @blogdoedvaldomagalhaes<\/p>\n","protected":false},"excerpt":{"rendered":"<p>Embora a Lei \u00c1urea tenha sido promulgada em 1888 e oficialmente tenha abolido a escravid\u00e3o no Brasil, a realidade era&hellip;<\/p>\n","protected":false},"author":1,"featured_media":108437,"comment_status":"closed","ping_status":"open","sticky":false,"template":"","format":"standard","meta":{"footnotes":""},"categories":[14122],"tags":[29440,27410,2,28801,30499,20],"class_list":["post-108436","post","type-post","status-publish","format-standard","has-post-thumbnail","hentry","category-politica","tag-blog-com-mais-visualizacao","tag-blog-de-caruaru","tag-blog-do-edvaldo-magalhaes","tag-blog-mais-acessado","tag-opiniao-um-treze-de-maio-para-nao-ser-comemorado-por-jorge-quintino","tag-politica"],"_links":{"self":[{"href":"https:\/\/blogdoedvaldomagalhaes.com.br\/index.php\/wp-json\/wp\/v2\/posts\/108436","targetHints":{"allow":["GET"]}}],"collection":[{"href":"https:\/\/blogdoedvaldomagalhaes.com.br\/index.php\/wp-json\/wp\/v2\/posts"}],"about":[{"href":"https:\/\/blogdoedvaldomagalhaes.com.br\/index.php\/wp-json\/wp\/v2\/types\/post"}],"author":[{"embeddable":true,"href":"https:\/\/blogdoedvaldomagalhaes.com.br\/index.php\/wp-json\/wp\/v2\/users\/1"}],"replies":[{"embeddable":true,"href":"https:\/\/blogdoedvaldomagalhaes.com.br\/index.php\/wp-json\/wp\/v2\/comments?post=108436"}],"version-history":[{"count":1,"href":"https:\/\/blogdoedvaldomagalhaes.com.br\/index.php\/wp-json\/wp\/v2\/posts\/108436\/revisions"}],"predecessor-version":[{"id":108438,"href":"https:\/\/blogdoedvaldomagalhaes.com.br\/index.php\/wp-json\/wp\/v2\/posts\/108436\/revisions\/108438"}],"wp:featuredmedia":[{"embeddable":true,"href":"https:\/\/blogdoedvaldomagalhaes.com.br\/index.php\/wp-json\/wp\/v2\/media\/108437"}],"wp:attachment":[{"href":"https:\/\/blogdoedvaldomagalhaes.com.br\/index.php\/wp-json\/wp\/v2\/media?parent=108436"}],"wp:term":[{"taxonomy":"category","embeddable":true,"href":"https:\/\/blogdoedvaldomagalhaes.com.br\/index.php\/wp-json\/wp\/v2\/categories?post=108436"},{"taxonomy":"post_tag","embeddable":true,"href":"https:\/\/blogdoedvaldomagalhaes.com.br\/index.php\/wp-json\/wp\/v2\/tags?post=108436"}],"curies":[{"name":"wp","href":"https:\/\/api.w.org\/{rel}","templated":true}]}}