{"id":108433,"date":"2024-05-13T09:29:20","date_gmt":"2024-05-13T12:29:20","guid":{"rendered":"https:\/\/blogdoedvaldomagalhaes.com.br\/?p=108433"},"modified":"2024-05-13T09:29:21","modified_gmt":"2024-05-13T12:29:21","slug":"pm-recupera-carga-roubada-em-caruaru","status":"publish","type":"post","link":"https:\/\/blogdoedvaldomagalhaes.com.br\/index.php\/2024\/05\/13\/pm-recupera-carga-roubada-em-caruaru\/","title":{"rendered":"PM recupera carga roubada em Caruaru"},"content":{"rendered":"<p>Policiais militares do 4\u00ba BPM recuperaram, no domingo (12\/05), uma carga roubada, na sexta-feira (10\/05), em Caruaru. O efetivo recebeu den\u00fancia de maus tratos a animais e, ao chegar no endere\u00e7o, nada de estranho havia com os bichos do local. No entanto, encontrou em um galp\u00e3o rolos de fios lacrados, que o propriet\u00e1rio do espa\u00e7o n\u00e3o explicou a proced\u00eancia.<\/p>\n<p>Ao observar duas vans que estavam estacionadas, foi identificada a carga roubada. O dono do terreno, ent\u00e3o, admitiu que iria receber R$ 5 mil de um segundo envolvido para esconder o material . Juntamente com os produtos apreendidos, ele foi apresentado na Delegacia de Plant\u00e3o da cidade, para a ado\u00e7\u00e3o das medidas legais cab\u00edveis. Foto: Divulga\u00e7\u00e3o\/PMPE<br \/>\nSeja seguidor do Instagram do Blog @blogdoedvaldomagalhaes<\/p>\n","protected":false},"excerpt":{"rendered":"<p>Policiais militares do 4\u00ba BPM recuperaram, no domingo (12\/05), uma carga roubada, na sexta-feira (10\/05), em Caruaru. O efetivo recebeu&hellip;<\/p>\n","protected":false},"author":1,"featured_media":108434,"comment_status":"closed","ping_status":"open","sticky":false,"template":"","format":"standard","meta":{"footnotes":""},"categories":[14121],"tags":[28803,27410,2,28801,30498],"class_list":["post-108433","post","type-post","status-publish","format-standard","has-post-thumbnail","hentry","category-policial","tag-blog-com-mais-visualizacoes","tag-blog-de-caruaru","tag-blog-do-edvaldo-magalhaes","tag-blog-mais-acessado","tag-pm-recupera-carga-roubada-em-caruaru"],"_links":{"self":[{"href":"https:\/\/blogdoedvaldomagalhaes.com.br\/index.php\/wp-json\/wp\/v2\/posts\/108433","targetHints":{"allow":["GET"]}}],"collection":[{"href":"https:\/\/blogdoedvaldomagalhaes.com.br\/index.php\/wp-json\/wp\/v2\/posts"}],"about":[{"href":"https:\/\/blogdoedvaldomagalhaes.com.br\/index.php\/wp-json\/wp\/v2\/types\/post"}],"author":[{"embeddable":true,"href":"https:\/\/blogdoedvaldomagalhaes.com.br\/index.php\/wp-json\/wp\/v2\/users\/1"}],"replies":[{"embeddable":true,"href":"https:\/\/blogdoedvaldomagalhaes.com.br\/index.php\/wp-json\/wp\/v2\/comments?post=108433"}],"version-history":[{"count":1,"href":"https:\/\/blogdoedvaldomagalhaes.com.br\/index.php\/wp-json\/wp\/v2\/posts\/108433\/revisions"}],"predecessor-version":[{"id":108435,"href":"https:\/\/blogdoedvaldomagalhaes.com.br\/index.php\/wp-json\/wp\/v2\/posts\/108433\/revisions\/108435"}],"wp:featuredmedia":[{"embeddable":true,"href":"https:\/\/blogdoedvaldomagalhaes.com.br\/index.php\/wp-json\/wp\/v2\/media\/108434"}],"wp:attachment":[{"href":"https:\/\/blogdoedvaldomagalhaes.com.br\/index.php\/wp-json\/wp\/v2\/media?parent=108433"}],"wp:term":[{"taxonomy":"category","embeddable":true,"href":"https:\/\/blogdoedvaldomagalhaes.com.br\/index.php\/wp-json\/wp\/v2\/categories?post=108433"},{"taxonomy":"post_tag","embeddable":true,"href":"https:\/\/blogdoedvaldomagalhaes.com.br\/index.php\/wp-json\/wp\/v2\/tags?post=108433"}],"curies":[{"name":"wp","href":"https:\/\/api.w.org\/{rel}","templated":true}]}}