{"id":108430,"date":"2024-05-13T08:28:04","date_gmt":"2024-05-13T11:28:04","guid":{"rendered":"https:\/\/blogdoedvaldomagalhaes.com.br\/?p=108430"},"modified":"2024-05-13T08:28:05","modified_gmt":"2024-05-13T11:28:05","slug":"homem-morre-apos-colisao-frontal-entre-moto-e-carro-na-br-232-2","status":"publish","type":"post","link":"https:\/\/blogdoedvaldomagalhaes.com.br\/index.php\/2024\/05\/13\/homem-morre-apos-colisao-frontal-entre-moto-e-carro-na-br-232-2\/","title":{"rendered":"Homem morre ap\u00f3s colis\u00e3o frontal entre moto e carro na BR 232"},"content":{"rendered":"<p>Por volta das 14h, desse domingo (12.05) a Pol\u00edcia Rodovi\u00e1ria Federal (PRF) foi acionada para um sinistro no km 335 da BR 232, em Cust\u00f3dia, no Sert\u00e3o de Pernambuco.<\/p>\n<p>Foi uma colisao frontal entre uma moto e uma caminhonete. A suspeita \u00e9 que a moto entrou na contram\u00e3o da rodovia.<\/p>\n<p>O condutor da moto faleceu no local.<\/p>\n<p>O motorista da caminhonete teve ferimentos leves e foi atendido no local pelo SAMU. Ele realizou o teste do baf\u00f4metro e o resultado foi normal.<\/p>\n<p>Al\u00e9m da PRF, a PM, SAMU, IC, IML e Pol\u00edcia Civil estiveram no local. Foto: Divulga\u00e7\u00e3o\/PRF<br \/>\nSeja seguidor do Instagram do Blog @blogdoedvaldomagalhaes<\/p>\n","protected":false},"excerpt":{"rendered":"<p>Por volta das 14h, desse domingo (12.05) a Pol\u00edcia Rodovi\u00e1ria Federal (PRF) foi acionada para um sinistro no km 335&hellip;<\/p>\n","protected":false},"author":1,"featured_media":108431,"comment_status":"closed","ping_status":"open","sticky":false,"template":"","format":"standard","meta":{"footnotes":""},"categories":[14120],"tags":[14276,30253,29440,2,28801,25522],"class_list":["post-108430","post","type-post","status-publish","format-standard","has-post-thumbnail","hentry","category-noticias","tag-acidente","tag-blog-caruaru","tag-blog-com-mais-visualizacao","tag-blog-do-edvaldo-magalhaes","tag-blog-mais-acessado","tag-homem-morre-apos-colisao-frontal-entre-moto-e-carro-na-br-232"],"_links":{"self":[{"href":"https:\/\/blogdoedvaldomagalhaes.com.br\/index.php\/wp-json\/wp\/v2\/posts\/108430","targetHints":{"allow":["GET"]}}],"collection":[{"href":"https:\/\/blogdoedvaldomagalhaes.com.br\/index.php\/wp-json\/wp\/v2\/posts"}],"about":[{"href":"https:\/\/blogdoedvaldomagalhaes.com.br\/index.php\/wp-json\/wp\/v2\/types\/post"}],"author":[{"embeddable":true,"href":"https:\/\/blogdoedvaldomagalhaes.com.br\/index.php\/wp-json\/wp\/v2\/users\/1"}],"replies":[{"embeddable":true,"href":"https:\/\/blogdoedvaldomagalhaes.com.br\/index.php\/wp-json\/wp\/v2\/comments?post=108430"}],"version-history":[{"count":1,"href":"https:\/\/blogdoedvaldomagalhaes.com.br\/index.php\/wp-json\/wp\/v2\/posts\/108430\/revisions"}],"predecessor-version":[{"id":108432,"href":"https:\/\/blogdoedvaldomagalhaes.com.br\/index.php\/wp-json\/wp\/v2\/posts\/108430\/revisions\/108432"}],"wp:featuredmedia":[{"embeddable":true,"href":"https:\/\/blogdoedvaldomagalhaes.com.br\/index.php\/wp-json\/wp\/v2\/media\/108431"}],"wp:attachment":[{"href":"https:\/\/blogdoedvaldomagalhaes.com.br\/index.php\/wp-json\/wp\/v2\/media?parent=108430"}],"wp:term":[{"taxonomy":"category","embeddable":true,"href":"https:\/\/blogdoedvaldomagalhaes.com.br\/index.php\/wp-json\/wp\/v2\/categories?post=108430"},{"taxonomy":"post_tag","embeddable":true,"href":"https:\/\/blogdoedvaldomagalhaes.com.br\/index.php\/wp-json\/wp\/v2\/tags?post=108430"}],"curies":[{"name":"wp","href":"https:\/\/api.w.org\/{rel}","templated":true}]}}