{"id":108423,"date":"2024-05-12T21:46:30","date_gmt":"2024-05-13T00:46:30","guid":{"rendered":"https:\/\/blogdoedvaldomagalhaes.com.br\/?p=108423"},"modified":"2024-05-12T22:09:49","modified_gmt":"2024-05-13T01:09:49","slug":"homicidio-em-caruaru-corpo-e-encontrado-em-barreiro","status":"publish","type":"post","link":"https:\/\/blogdoedvaldomagalhaes.com.br\/index.php\/2024\/05\/12\/homicidio-em-caruaru-corpo-e-encontrado-em-barreiro\/","title":{"rendered":"Homic\u00eddio em Caruaru: corpo \u00e9 encontrado em barreiro"},"content":{"rendered":"<p>A pol\u00edcia registrou um homic\u00eddio no bairro Jos\u00e9 Carlos de Oliveira, em Caruaru, neste domingo (12.05). Henrique Luiz da Silva, 31 anos de idade, foi encontrado morto dentro de um barreiro. O corpo estava boiando entre as pastas d&#8217;\u00e1gua.<\/p>\n<p>Familiares informaram que a v\u00edtima n\u00e3o tinha envolvimento com nada de errado e n\u00e3o tinha inimigos. E que Henrique costumava beber no barreiro onde foi encontrado morto. Os familiares n\u00e3o sabem quem estava com a v\u00edtima no local.<\/p>\n<p>A Pol\u00edcia Militar isolou o local. Peritos do Instituto de Criminal\u00edstica (IC), e a equipe da Delegacia de Homic\u00eddios constataram que a v\u00edtima foi brutalmente assassinada, e informaram que os algozes usaram fios e outros objetos no crime. O corpo foi encaminhado para o IML e a Pol\u00edcia Civil iniciou as investiga\u00e7\u00f5es.<br \/>\nFoto: Reprodu\u00e7\u00e3o\/WhatsApp<br \/>\nSeja seguidor do Instagram do Blog, para comentar @blogdoedvaldomagalhaes<\/p>\n<p><img loading=\"lazy\" decoding=\"async\" src=\"https:\/\/blogdoedvaldomagalhaes.com.br\/wp-content\/uploads\/2024\/05\/52710e43-4086-4bf1-a4b0-1766628a2648-1.jpg\" class=\"size-full wp-image-108428\" width=\"897\" height=\"885\" srcset=\"https:\/\/blogdoedvaldomagalhaes.com.br\/wp-content\/uploads\/2024\/05\/52710e43-4086-4bf1-a4b0-1766628a2648-1.jpg 897w, https:\/\/blogdoedvaldomagalhaes.com.br\/wp-content\/uploads\/2024\/05\/52710e43-4086-4bf1-a4b0-1766628a2648-1-300x296.jpg 300w, https:\/\/blogdoedvaldomagalhaes.com.br\/wp-content\/uploads\/2024\/05\/52710e43-4086-4bf1-a4b0-1766628a2648-1-768x758.jpg 768w\" sizes=\"auto, (max-width: 897px) 100vw, 897px\" \/><\/p>\n","protected":false},"excerpt":{"rendered":"<p>A pol\u00edcia registrou um homic\u00eddio no bairro Jos\u00e9 Carlos de Oliveira, em Caruaru, neste domingo (12.05). Henrique Luiz da Silva,&hellip;<\/p>\n","protected":false},"author":1,"featured_media":108424,"comment_status":"closed","ping_status":"open","sticky":false,"template":"","format":"standard","meta":{"footnotes":""},"categories":[14121],"tags":[29440,27410,2,28801,30497],"class_list":["post-108423","post","type-post","status-publish","format-standard","has-post-thumbnail","hentry","category-policial","tag-blog-com-mais-visualizacao","tag-blog-de-caruaru","tag-blog-do-edvaldo-magalhaes","tag-blog-mais-acessado","tag-homicidio-em-caruaru-corpo-e-encontrado-em-barreiro"],"_links":{"self":[{"href":"https:\/\/blogdoedvaldomagalhaes.com.br\/index.php\/wp-json\/wp\/v2\/posts\/108423","targetHints":{"allow":["GET"]}}],"collection":[{"href":"https:\/\/blogdoedvaldomagalhaes.com.br\/index.php\/wp-json\/wp\/v2\/posts"}],"about":[{"href":"https:\/\/blogdoedvaldomagalhaes.com.br\/index.php\/wp-json\/wp\/v2\/types\/post"}],"author":[{"embeddable":true,"href":"https:\/\/blogdoedvaldomagalhaes.com.br\/index.php\/wp-json\/wp\/v2\/users\/1"}],"replies":[{"embeddable":true,"href":"https:\/\/blogdoedvaldomagalhaes.com.br\/index.php\/wp-json\/wp\/v2\/comments?post=108423"}],"version-history":[{"count":3,"href":"https:\/\/blogdoedvaldomagalhaes.com.br\/index.php\/wp-json\/wp\/v2\/posts\/108423\/revisions"}],"predecessor-version":[{"id":108429,"href":"https:\/\/blogdoedvaldomagalhaes.com.br\/index.php\/wp-json\/wp\/v2\/posts\/108423\/revisions\/108429"}],"wp:featuredmedia":[{"embeddable":true,"href":"https:\/\/blogdoedvaldomagalhaes.com.br\/index.php\/wp-json\/wp\/v2\/media\/108424"}],"wp:attachment":[{"href":"https:\/\/blogdoedvaldomagalhaes.com.br\/index.php\/wp-json\/wp\/v2\/media?parent=108423"}],"wp:term":[{"taxonomy":"category","embeddable":true,"href":"https:\/\/blogdoedvaldomagalhaes.com.br\/index.php\/wp-json\/wp\/v2\/categories?post=108423"},{"taxonomy":"post_tag","embeddable":true,"href":"https:\/\/blogdoedvaldomagalhaes.com.br\/index.php\/wp-json\/wp\/v2\/tags?post=108423"}],"curies":[{"name":"wp","href":"https:\/\/api.w.org\/{rel}","templated":true}]}}