{"id":108420,"date":"2024-05-12T19:44:57","date_gmt":"2024-05-12T22:44:57","guid":{"rendered":"https:\/\/blogdoedvaldomagalhaes.com.br\/?p=108420"},"modified":"2024-05-12T19:45:26","modified_gmt":"2024-05-12T22:45:26","slug":"opiniao-nossa-gente-nossa-cultura-por-jorge-quintino","status":"publish","type":"post","link":"https:\/\/blogdoedvaldomagalhaes.com.br\/index.php\/2024\/05\/12\/opiniao-nossa-gente-nossa-cultura-por-jorge-quintino\/","title":{"rendered":"Opini\u00e3o: Nossa gente, nossa Cultura! por Jorge Quintino"},"content":{"rendered":"<p>Importantes avan\u00e7os est\u00e3o acontecendo no campo da Cultura, Educa\u00e7\u00e3o e Esportes na cidade de Caruaru.<\/p>\n<p>Voc\u00eas sabiam que, para que se firme uma parceria entre os poderes legislativo e executivo, \u00e9 necess\u00e1ria uma rela\u00e7\u00e3o de reciprocidade e principalmente de confian\u00e7a, e para apontar os alinhamentos e a preocupa\u00e7\u00e3o al\u00e9m do compromisso desses poderes em Caruaru, a comiss\u00e3o de cultura, educa\u00e7\u00e3o e esportes da C\u00e2mara municipal, a qual estamos enquanto presidente, hoje tem a alegria de poder tornar p\u00fablico alguns dos avan\u00e7os que est\u00e3o sendo trilhados atrav\u00e9s da parceria com a funda\u00e7\u00e3o de cultura de Caruaru, que t\u00eam a frente da miss\u00e3o de fomentar e salvaguardar os bens culturais materiais e imateriais de nossa cidade o poeta, escritor e jornalista, Herlon Cavalcanti e enquanto l\u00edder do executivo o nosso prefeito, Rodrigo Pinheiro.<\/p>\n<p>Inicialmente gostaria de trazer a preocupa\u00e7\u00e3o em torno da salvaguarda dos saberes e dos mestres e mestras da cultura popular, que atrav\u00e9s do reconhecimento enquanto patrim\u00f4nios vivos desta cidade, est\u00e3o realizando um trabalho fundamental para a garantia da continuidade destas produ\u00e7\u00f5es e atividades art\u00edsticas\/culturais na cidade, contemplando de forma justa esses grupos e mestres por suas atividades e dedicam a hist\u00f3ria da cultura de Caruaru, os quais se somam 19, entre entidades e pessoas f\u00edsicas.<\/p>\n<p>Gostar\u00edamos de refor\u00e7ar que somando a este fazer cont\u00ednuo de valoriza\u00e7\u00e3o fizemos a apresenta\u00e7\u00e3o e indica\u00e7\u00e3o pela primeira vez na hist\u00f3ria da cidade atrav\u00e9s da c\u00e2mara municipal do Mestre Jo\u00e3o do Pife enquanto concorrente do concurso do Patrim\u00f4nio Vivo de Pernambuco, assim como seu reconhecimento enquanto cidad\u00e3o de Caruaru.<\/p>\n<p>Nesse mesmo sentido, a partir da trajet\u00f3ria do Mestre Vav\u00e1 do Boi Surubim e da Banda de P\u00edfanos Alvorada demos entrada e institu\u00edmos o dia municipal do Bumba meu Boi a ser realizado todos os anos no dia 12 de outubro, dia do anivers\u00e1rio do Mestre Vav\u00e1, em uma constru\u00e7\u00e3o realizada entre a C\u00e2mara Municipal, a Liga dos Bois de Caruaru e a Funda\u00e7\u00e3o de Cultura da cidade.<\/p>\n<p>O M\u00eas das Tradi\u00e7\u00f5es Nordestinas tamb\u00e9m \u00e9 uma constru\u00e7\u00e3o que se torna de forma efetiva uma forma de valoriza\u00e7\u00e3o da cultura popular na cidade, onde atrav\u00e9s de uma sequ\u00eancia de atividades se conseguir\u00e1 realizar uma forma\u00e7\u00e3o de p\u00fablico de forma significativa na rede de escolas do munic\u00edpio, inclusive trazendo o espet\u00e1culo Alto das Sete Luas de Barro para o calend\u00e1rio oficial da rede, o que s\u00f3 aconteceu gra\u00e7as ao empenho do poder executivo junto com a funda\u00e7\u00e3o de cultura e a secretaria de educa\u00e7\u00e3o e esportes na pessoa da secret\u00e1ria Aline Tib\u00farcio.<\/p>\n<p>Em se tratando de forma\u00e7\u00e3o, capacita\u00e7\u00e3o e valoriza\u00e7\u00e3o da produ\u00e7\u00e3o art\u00edstica local, estamos em di\u00e1logo direto com a Funda\u00e7\u00e3o de Cultura e essa luta vem se dando de forma eficaz atrav\u00e9s da expertise do presidente Herlon Cavalcanti e do Prefeito Rodrigo Pinheiro em rela\u00e7\u00e3o a cria\u00e7\u00e3o de um est\u00fadio para grava\u00e7\u00f5es de artistas, tanto de \u00e1udio como de v\u00eddeo, e essa parceria est\u00e1 sendo solidificada atrav\u00e9s da vinda do Armaz\u00e9m da Criatividade para o centro da cidade de Caruaru, no antigo pr\u00e9dio do Espa\u00e7o Cultural Tancredo Neves, onde outrora funcionou tamb\u00e9m o pr\u00e9dio da pr\u00f3pria Funda\u00e7\u00e3o de Cultura, o que ser\u00e1 um grande avan\u00e7o na perspectiva da produ\u00e7\u00e3o art\u00edstica da cidade e inclusive da promo\u00e7\u00e3o de parcerias e interc\u00e2mbios art\u00edsticos e culturais, no campo da forma\u00e7\u00e3o profissional de toda a cadeia produtiva da arte e do empreendedorismo cultural e economia da cultura.<\/p>\n<p>Em parceria com a Funda\u00e7\u00e3o de Cultura tamb\u00e9m foi solucionado quest\u00f5es referentes ao espa\u00e7o de acolhimento digno aos Mestres e Mestras do P\u00edfano na cidade de Caruaru, onde pela primeira vez na hist\u00f3ria o S\u00e3o Jo\u00e3o de Caruaru ter\u00e1 um Polo espec\u00edfico o qual receber\u00e1 o nome do Mestre Sebasti\u00e3o Biano, o que far\u00e1 com que as Bandas de P\u00edfanos tenham um ponto espec\u00edfico para as suas apresenta\u00e7\u00f5es, facilitando a rela\u00e7\u00e3o destes Mestres e Mestras com os apreciadores dessa forma de express\u00e3o art\u00edstica e com pesquisadores que visitavam o S\u00e3o Jo\u00e3o e n\u00e3o sabiam como e onde encontrar estes grandes \u00edcones de nossa cultura.<\/p>\n<p>Para acolher as Mestras artes\u00e3s, foi iniciado um trabalho maravilhoso dando visibilidade a estas que, buscam o barro, queimas e pintam as pe\u00e7as no Alto do Moura, que \u00e9 a Casa da Mulher Artes\u00e3, onde estivemos acompanhando todo o processo de ativa\u00e7\u00e3o e fiscalizando as atividades desenvolvidas, assim como dando in\u00edcio a um lindo projeto que acontecer\u00e1 ap\u00f3s o S\u00e3o Jo\u00e3o com crian\u00e7as e m\u00e3es de crian\u00e7as que t\u00eam o TEA (Transtorno do Espectro Autista).<\/p>\n<p>Tamb\u00e9m ao observar as necessidades dos artistas de rua em especial os que se relacionam de forma direta com todos os pilares que fundamentam o Hip Hop fomos buscar dialogar com a Funda\u00e7\u00e3o de Cultura e de imediato o presidente Herlon Cavalcanti entendeu nossa preocupa\u00e7\u00e3o, o que acarretou em uma aproxima\u00e7\u00e3o destes artistas com o poder p\u00fablico municipal e dentro de pouco tempo se conseguiu avan\u00e7ar em v\u00e1rios sentidos no que diz respeito desde a valoriza\u00e7\u00e3o da arte \u00e0 possibilidades de fomento, forma\u00e7\u00e3o e valoriza\u00e7\u00e3o do trabalho desses artistas.<\/p>\n<p>No campo do audiovisual, em parceria com o Instituto Casa do Pife estar\u00e1 sendo iniciada uma oficina de Produ\u00e7\u00e3o Audiovisual para pessoas que tenham interesse neste segmento, abordando desde a elabora\u00e7\u00e3o de roteiro, fotografia, trilha sonora, dire\u00e7\u00e3o e workshops e vivencias com diretores e produtores de grande representatividade para o segmento.\u00a0<\/p>\n<p>Por hora ficamos por aqui, e em breve seguiremos com muita informa\u00e7\u00e3o sobre o que vem acontecendo no campo da Cultura na cidade de Caruaru e claro, sobre nossas mat\u00e9rias legislativas em torno de nosso patrim\u00f4nio maior.<\/p>\n<p>Jorge Quintino<br \/>\nVereador e Professor<\/p>\n","protected":false},"excerpt":{"rendered":"<p>Importantes avan\u00e7os est\u00e3o acontecendo no campo da Cultura, Educa\u00e7\u00e3o e Esportes na cidade de Caruaru. Voc\u00eas sabiam que, para que&hellip;<\/p>\n","protected":false},"author":1,"featured_media":108421,"comment_status":"closed","ping_status":"open","sticky":false,"template":"","format":"standard","meta":{"footnotes":""},"categories":[14122],"tags":[30253,29440,2,28801,30496,30495],"class_list":["post-108420","post","type-post","status-publish","format-standard","has-post-thumbnail","hentry","category-politica","tag-blog-caruaru","tag-blog-com-mais-visualizacao","tag-blog-do-edvaldo-magalhaes","tag-blog-mais-acessado","tag-nossa-cultura-por-jorge-quintino","tag-opiniao-nossa-gente"],"_links":{"self":[{"href":"https:\/\/blogdoedvaldomagalhaes.com.br\/index.php\/wp-json\/wp\/v2\/posts\/108420","targetHints":{"allow":["GET"]}}],"collection":[{"href":"https:\/\/blogdoedvaldomagalhaes.com.br\/index.php\/wp-json\/wp\/v2\/posts"}],"about":[{"href":"https:\/\/blogdoedvaldomagalhaes.com.br\/index.php\/wp-json\/wp\/v2\/types\/post"}],"author":[{"embeddable":true,"href":"https:\/\/blogdoedvaldomagalhaes.com.br\/index.php\/wp-json\/wp\/v2\/users\/1"}],"replies":[{"embeddable":true,"href":"https:\/\/blogdoedvaldomagalhaes.com.br\/index.php\/wp-json\/wp\/v2\/comments?post=108420"}],"version-history":[{"count":1,"href":"https:\/\/blogdoedvaldomagalhaes.com.br\/index.php\/wp-json\/wp\/v2\/posts\/108420\/revisions"}],"predecessor-version":[{"id":108422,"href":"https:\/\/blogdoedvaldomagalhaes.com.br\/index.php\/wp-json\/wp\/v2\/posts\/108420\/revisions\/108422"}],"wp:featuredmedia":[{"embeddable":true,"href":"https:\/\/blogdoedvaldomagalhaes.com.br\/index.php\/wp-json\/wp\/v2\/media\/108421"}],"wp:attachment":[{"href":"https:\/\/blogdoedvaldomagalhaes.com.br\/index.php\/wp-json\/wp\/v2\/media?parent=108420"}],"wp:term":[{"taxonomy":"category","embeddable":true,"href":"https:\/\/blogdoedvaldomagalhaes.com.br\/index.php\/wp-json\/wp\/v2\/categories?post=108420"},{"taxonomy":"post_tag","embeddable":true,"href":"https:\/\/blogdoedvaldomagalhaes.com.br\/index.php\/wp-json\/wp\/v2\/tags?post=108420"}],"curies":[{"name":"wp","href":"https:\/\/api.w.org\/{rel}","templated":true}]}}