{"id":108302,"date":"2024-05-09T18:38:08","date_gmt":"2024-05-09T21:38:08","guid":{"rendered":"https:\/\/blogdoedvaldomagalhaes.com.br\/?p=108302"},"modified":"2024-05-09T18:38:09","modified_gmt":"2024-05-09T21:38:09","slug":"vacinacao-da-influenza-sera-levada-para-o-polo-caruaru-neste-sabado-11","status":"publish","type":"post","link":"https:\/\/blogdoedvaldomagalhaes.com.br\/index.php\/2024\/05\/09\/vacinacao-da-influenza-sera-levada-para-o-polo-caruaru-neste-sabado-11\/","title":{"rendered":"Vacina\u00e7\u00e3o da Influenza ser\u00e1 levada para o Polo Caruaru neste s\u00e1bado (11)"},"content":{"rendered":"<p>A Secretaria Municipal de Sa\u00fade de Caruaru (SMS), em parceria com o Polo Caruaru, levar\u00e1 a vacina\u00e7\u00e3o da Influenza para o centro de compras, neste s\u00e1bado (11). A equipe de vacinadores estar\u00e1 na Pra\u00e7a de Eventos, das 10h \u00e0s 14h. A a\u00e7\u00e3o faz parte da Campanha Nacional de Vacina\u00e7\u00e3o contra o v\u00edrus Influenza no munic\u00edpio e ser\u00e1 voltada para a imuniza\u00e7\u00e3o do p\u00fablico em geral, a partir dos seis meses de idade, j\u00e1 que a campanha foi ampliada. Para se vacinar, basta comparecer ao local portando a Caderneta de Vacina\u00e7\u00e3o e o CPF ou o Cart\u00e3o do SUS. <\/p>\n<p>A campanha segue tamb\u00e9m para os grupos priorit\u00e1rios, que s\u00e3o: crian\u00e7as de seis meses a cinco anos, onze meses e 29 dias de idade; gestantes, pu\u00e9rperas (at\u00e9 45 dias ap\u00f3s o parto); idosos a partir de 60 anos; trabalhadores da Sa\u00fade; professores; pacientes com comorbidades; pessoas com defici\u00eancia permanente; profissionais das for\u00e7as armadas, de seguran\u00e7a e salvamento; caminhoneiros; trabalhadores de transporte coletivo; popula\u00e7\u00e3o privada de liberdade; funcion\u00e1rios do sistema de priva\u00e7\u00e3o de liberdade; jovens de 12 a 21 anos em medidas socioeducativas.<\/p>\n<p>A vacina contra Influenza \u00e9 produzida a partir do v\u00edrus inativado e protege contra tr\u00eas tipos de cepas da doen\u00e7a: H1N1,H3N2 e a linhagem \u201cB\u201d Victoria.<br \/>\nSeja seguidor do Instagram do Blog @blogdoedvaldomagalhaes<\/p>\n","protected":false},"excerpt":{"rendered":"<p>A Secretaria Municipal de Sa\u00fade de Caruaru (SMS), em parceria com o Polo Caruaru, levar\u00e1 a vacina\u00e7\u00e3o da Influenza para&hellip;<\/p>\n","protected":false},"author":1,"featured_media":108303,"comment_status":"closed","ping_status":"open","sticky":false,"template":"","format":"standard","meta":{"footnotes":""},"categories":[14120],"tags":[29440,27410,2,28801,30466],"class_list":["post-108302","post","type-post","status-publish","format-standard","has-post-thumbnail","hentry","category-noticias","tag-blog-com-mais-visualizacao","tag-blog-de-caruaru","tag-blog-do-edvaldo-magalhaes","tag-blog-mais-acessado","tag-vacinacao-da-influenza-sera-levada-para-o-polo-caruaru-neste-sabado-11"],"_links":{"self":[{"href":"https:\/\/blogdoedvaldomagalhaes.com.br\/index.php\/wp-json\/wp\/v2\/posts\/108302","targetHints":{"allow":["GET"]}}],"collection":[{"href":"https:\/\/blogdoedvaldomagalhaes.com.br\/index.php\/wp-json\/wp\/v2\/posts"}],"about":[{"href":"https:\/\/blogdoedvaldomagalhaes.com.br\/index.php\/wp-json\/wp\/v2\/types\/post"}],"author":[{"embeddable":true,"href":"https:\/\/blogdoedvaldomagalhaes.com.br\/index.php\/wp-json\/wp\/v2\/users\/1"}],"replies":[{"embeddable":true,"href":"https:\/\/blogdoedvaldomagalhaes.com.br\/index.php\/wp-json\/wp\/v2\/comments?post=108302"}],"version-history":[{"count":1,"href":"https:\/\/blogdoedvaldomagalhaes.com.br\/index.php\/wp-json\/wp\/v2\/posts\/108302\/revisions"}],"predecessor-version":[{"id":108304,"href":"https:\/\/blogdoedvaldomagalhaes.com.br\/index.php\/wp-json\/wp\/v2\/posts\/108302\/revisions\/108304"}],"wp:featuredmedia":[{"embeddable":true,"href":"https:\/\/blogdoedvaldomagalhaes.com.br\/index.php\/wp-json\/wp\/v2\/media\/108303"}],"wp:attachment":[{"href":"https:\/\/blogdoedvaldomagalhaes.com.br\/index.php\/wp-json\/wp\/v2\/media?parent=108302"}],"wp:term":[{"taxonomy":"category","embeddable":true,"href":"https:\/\/blogdoedvaldomagalhaes.com.br\/index.php\/wp-json\/wp\/v2\/categories?post=108302"},{"taxonomy":"post_tag","embeddable":true,"href":"https:\/\/blogdoedvaldomagalhaes.com.br\/index.php\/wp-json\/wp\/v2\/tags?post=108302"}],"curies":[{"name":"wp","href":"https:\/\/api.w.org\/{rel}","templated":true}]}}