{"id":108299,"date":"2024-05-09T17:29:42","date_gmt":"2024-05-09T20:29:42","guid":{"rendered":"https:\/\/blogdoedvaldomagalhaes.com.br\/?p=108299"},"modified":"2024-05-09T17:29:43","modified_gmt":"2024-05-09T20:29:43","slug":"secretaria-de-educacao-de-caruaru-abre-cadastro-para-ingresso-de-estudantes-em-nova-creche","status":"publish","type":"post","link":"https:\/\/blogdoedvaldomagalhaes.com.br\/index.php\/2024\/05\/09\/secretaria-de-educacao-de-caruaru-abre-cadastro-para-ingresso-de-estudantes-em-nova-creche\/","title":{"rendered":"Secretaria de Educa\u00e7\u00e3o de Caruaru abre cadastro para ingresso de estudantes em nova creche"},"content":{"rendered":"<p>A Secretaria de Educa\u00e7\u00e3o e Esportes de Caruaru (Seduc) informa que estar\u00e1 realizando o cadastro para ingresso de estudantes no novo Centro Municipal Educacional de Educa\u00e7\u00e3o Infantil (CMEI), que fica no bairro Fernando Lyra, desta sexta-feira (10) at\u00e9 a pr\u00f3xima ter\u00e7a-feira (14), das 8h \u00e0s 15h30, no Centro de Conviv\u00eancia de V\u00ednculos, na rua Ant\u00f4nio Heleno da Silva, S\/N, no bairro Universit\u00e1rio.<\/p>\n<p>Pais ou respons\u00e1veis interessados em matricularem os seus filhos, com idades at\u00e9 os cinco anos, devem comparecer ao Centro munidos da certid\u00e3o de nascimento da crian\u00e7a, do comprovante de resid\u00eancia atualizado, al\u00e9m de seus documentos de identifica\u00e7\u00e3o.<br \/>\nFoto: Divulga\u00e7\u00e3o\/Secom\/PMC<br \/>\nSeja seguidor do Instagram do Blog @blogdoedvaldomagalhaes<\/p>\n","protected":false},"excerpt":{"rendered":"<p>A Secretaria de Educa\u00e7\u00e3o e Esportes de Caruaru (Seduc) informa que estar\u00e1 realizando o cadastro para ingresso de estudantes no&hellip;<\/p>\n","protected":false},"author":1,"featured_media":108300,"comment_status":"closed","ping_status":"open","sticky":false,"template":"","format":"standard","meta":{"footnotes":""},"categories":[14120],"tags":[29440,28803,27410,2,1950,30465],"class_list":["post-108299","post","type-post","status-publish","format-standard","has-post-thumbnail","hentry","category-noticias","tag-blog-com-mais-visualizacao","tag-blog-com-mais-visualizacoes","tag-blog-de-caruaru","tag-blog-do-edvaldo-magalhaes","tag-noticias-de-caruaru","tag-secretaria-de-educacao-de-caruaru-abre-cadastro-para-ingresso-de-estudantes-em-nova-creche"],"_links":{"self":[{"href":"https:\/\/blogdoedvaldomagalhaes.com.br\/index.php\/wp-json\/wp\/v2\/posts\/108299","targetHints":{"allow":["GET"]}}],"collection":[{"href":"https:\/\/blogdoedvaldomagalhaes.com.br\/index.php\/wp-json\/wp\/v2\/posts"}],"about":[{"href":"https:\/\/blogdoedvaldomagalhaes.com.br\/index.php\/wp-json\/wp\/v2\/types\/post"}],"author":[{"embeddable":true,"href":"https:\/\/blogdoedvaldomagalhaes.com.br\/index.php\/wp-json\/wp\/v2\/users\/1"}],"replies":[{"embeddable":true,"href":"https:\/\/blogdoedvaldomagalhaes.com.br\/index.php\/wp-json\/wp\/v2\/comments?post=108299"}],"version-history":[{"count":1,"href":"https:\/\/blogdoedvaldomagalhaes.com.br\/index.php\/wp-json\/wp\/v2\/posts\/108299\/revisions"}],"predecessor-version":[{"id":108301,"href":"https:\/\/blogdoedvaldomagalhaes.com.br\/index.php\/wp-json\/wp\/v2\/posts\/108299\/revisions\/108301"}],"wp:featuredmedia":[{"embeddable":true,"href":"https:\/\/blogdoedvaldomagalhaes.com.br\/index.php\/wp-json\/wp\/v2\/media\/108300"}],"wp:attachment":[{"href":"https:\/\/blogdoedvaldomagalhaes.com.br\/index.php\/wp-json\/wp\/v2\/media?parent=108299"}],"wp:term":[{"taxonomy":"category","embeddable":true,"href":"https:\/\/blogdoedvaldomagalhaes.com.br\/index.php\/wp-json\/wp\/v2\/categories?post=108299"},{"taxonomy":"post_tag","embeddable":true,"href":"https:\/\/blogdoedvaldomagalhaes.com.br\/index.php\/wp-json\/wp\/v2\/tags?post=108299"}],"curies":[{"name":"wp","href":"https:\/\/api.w.org\/{rel}","templated":true}]}}