{"id":108296,"date":"2024-05-09T17:24:53","date_gmt":"2024-05-09T20:24:53","guid":{"rendered":"https:\/\/blogdoedvaldomagalhaes.com.br\/?p=108296"},"modified":"2024-05-09T17:25:05","modified_gmt":"2024-05-09T20:25:05","slug":"transforma-caruaru-informa-campanha-de-prevencao-contra-a-crueldade-animal-encerra-nesta-sexta-feira-10","status":"publish","type":"post","link":"https:\/\/blogdoedvaldomagalhaes.com.br\/index.php\/2024\/05\/09\/transforma-caruaru-informa-campanha-de-prevencao-contra-a-crueldade-animal-encerra-nesta-sexta-feira-10\/","title":{"rendered":"Transforma Caruaru informa: Campanha de preven\u00e7\u00e3o contra a crueldade animal encerra nesta sexta-feira (10)"},"content":{"rendered":"<p>Desde o dia 12\/4 que o Transforma Caruaru est\u00e1 engajado na campanha Abril Laranja, junto com a Dog&#8217;s Family e a Ame Animal. As tr\u00eas institui\u00e7\u00f5es somaram for\u00e7as para promover uma campanha de conscientiza\u00e7\u00e3o e tamb\u00e9m arrecada\u00e7\u00e3o de ra\u00e7\u00e3o, caminhas, comedouros e roupas para c\u00e3es e gatos. A campanha encerra nesta sexta-feira (10) e os locais de coleta continuam sendo o P\u00f3lo Caruaru, a Secretaria Municipal de Pol\u00edticas para Mulheres, a Dog&#8217;s Family, a do bem e o Shopping Difusora.<\/p>\n<p>A campanha culmina com vacina\u00e7\u00e3o e aplica\u00e7\u00e3o de rem\u00e9dios para vermes, em parceria com a Ame Animal no parque 18 de maio em c\u00e3es e gatos abandonados. As doa\u00e7\u00f5es coletadas ser\u00e3o enviadas para iniciativas sociais que trabalham com animais <\/p>\n<p>Combater os maus-tratos e prevenir a crueldade contra os animais s\u00e3o pr\u00e1ticas que devemos exercer todos os dias, como um dever de toda a sociedade. Com o objetivo de conscientizar sobre os maus tratos e destacar que a crueldade \u00e9 crime, a campanha mundial \u201cAbril Laranja\u201d foi criada pela ASPCA (Sociedade Americana para a Preven\u00e7\u00e3o da Crueldade a Animais) para simbolizar esta luta, servindo como um meio importante para conscientizar as pessoas, usando como s\u00edmbolo um la\u00e7o de cor laranja.<\/p>\n<p>\t\u201cO Transforma Caruaru trabalha com v\u00e1rias iniciativas sociais que tem como causa principal, o cuidado com os animais. Sendo assim est\u00e1 sendo importante trabalhar o abril laranja em prol de conscientizar a popula\u00e7\u00e3o sobre o tema e tamb\u00e9m de ajudar quem ajuda a cuidar e faz a diferen\u00e7a na vida desses animais n\u00e3o humanos\u201d, destacou a Gerente do Transforma Caruaru, Christianny Magalh\u00e3es, que refor\u00e7a o apelo para as doa\u00e7\u00f5es at\u00e9 o pr\u00f3ximo dia 10 de maio.<br \/>\nFotos e Card Divulga\u00e7\u00e3o<br \/>\nSeja seguidor do Instagram do Blog para comentar @blogdoedvaldomagalhaes<\/p>\n","protected":false},"excerpt":{"rendered":"<p>Desde o dia 12\/4 que o Transforma Caruaru est\u00e1 engajado na campanha Abril Laranja, junto com a Dog&#8217;s Family e&hellip;<\/p>\n","protected":false},"author":1,"featured_media":108297,"comment_status":"closed","ping_status":"open","sticky":false,"template":"","format":"standard","meta":{"footnotes":""},"categories":[14120],"tags":[29440,27410,2,28801,30464],"class_list":["post-108296","post","type-post","status-publish","format-standard","has-post-thumbnail","hentry","category-noticias","tag-blog-com-mais-visualizacao","tag-blog-de-caruaru","tag-blog-do-edvaldo-magalhaes","tag-blog-mais-acessado","tag-transforma-caruaru-informa-campanha-de-prevencao-contra-a-crueldade-animal-encerra-nesta-sexta-feira-10"],"_links":{"self":[{"href":"https:\/\/blogdoedvaldomagalhaes.com.br\/index.php\/wp-json\/wp\/v2\/posts\/108296","targetHints":{"allow":["GET"]}}],"collection":[{"href":"https:\/\/blogdoedvaldomagalhaes.com.br\/index.php\/wp-json\/wp\/v2\/posts"}],"about":[{"href":"https:\/\/blogdoedvaldomagalhaes.com.br\/index.php\/wp-json\/wp\/v2\/types\/post"}],"author":[{"embeddable":true,"href":"https:\/\/blogdoedvaldomagalhaes.com.br\/index.php\/wp-json\/wp\/v2\/users\/1"}],"replies":[{"embeddable":true,"href":"https:\/\/blogdoedvaldomagalhaes.com.br\/index.php\/wp-json\/wp\/v2\/comments?post=108296"}],"version-history":[{"count":1,"href":"https:\/\/blogdoedvaldomagalhaes.com.br\/index.php\/wp-json\/wp\/v2\/posts\/108296\/revisions"}],"predecessor-version":[{"id":108298,"href":"https:\/\/blogdoedvaldomagalhaes.com.br\/index.php\/wp-json\/wp\/v2\/posts\/108296\/revisions\/108298"}],"wp:featuredmedia":[{"embeddable":true,"href":"https:\/\/blogdoedvaldomagalhaes.com.br\/index.php\/wp-json\/wp\/v2\/media\/108297"}],"wp:attachment":[{"href":"https:\/\/blogdoedvaldomagalhaes.com.br\/index.php\/wp-json\/wp\/v2\/media?parent=108296"}],"wp:term":[{"taxonomy":"category","embeddable":true,"href":"https:\/\/blogdoedvaldomagalhaes.com.br\/index.php\/wp-json\/wp\/v2\/categories?post=108296"},{"taxonomy":"post_tag","embeddable":true,"href":"https:\/\/blogdoedvaldomagalhaes.com.br\/index.php\/wp-json\/wp\/v2\/tags?post=108296"}],"curies":[{"name":"wp","href":"https:\/\/api.w.org\/{rel}","templated":true}]}}