{"id":108293,"date":"2024-05-09T17:18:47","date_gmt":"2024-05-09T20:18:47","guid":{"rendered":"https:\/\/blogdoedvaldomagalhaes.com.br\/?p=108293"},"modified":"2024-05-09T18:42:01","modified_gmt":"2024-05-09T21:42:01","slug":"mercado-cultural-casa-rosa-tem-programacao-musical-de-sexta-feira-a-domingo","status":"publish","type":"post","link":"https:\/\/blogdoedvaldomagalhaes.com.br\/index.php\/2024\/05\/09\/mercado-cultural-casa-rosa-tem-programacao-musical-de-sexta-feira-a-domingo\/","title":{"rendered":"Mercado Cultural Casa Rosa tem programa\u00e7\u00e3o musical de sexta-feira a domingo"},"content":{"rendered":"<p>A programa\u00e7\u00e3o do Maior e Melhor S\u00e3o Jo\u00e3o do Mundo continua no Mercado Cultural Casa Rosa. As atra\u00e7\u00f5es do festejo junino ir\u00e3o se apresentar durante os meses de maio e junho, levando muito forr\u00f3 para o cora\u00e7\u00e3o da Feira de Caruaru.<\/p>\n<p>O Mercado Cultural Casa Rosa, al\u00e9m de ser um ponto de concentra\u00e7\u00e3o da cultura, disp\u00f5e de um ambiente amplo, com excelente estrutura f\u00edsica e espa\u00e7o infantil. Localizado no Parque 18 de Maio, o espa\u00e7o funciona das 11h \u00e0s 17h30.<\/p>\n<p>O Mercado conta atualmente com 12 estabelecimentos, com servi\u00e7os variados, como: cacha\u00e7aria, cozinha t\u00edpica, tapiocaria, boteco tradicional, petiscaria, al\u00e9m de espa\u00e7os multifuncionais.<\/p>\n<p>Confira a programa\u00e7\u00e3o para este fim de semana:<\/p>\n<p>_Sexta-feira (10)_<br \/>\n12h &#8211; Raquel Santana<br \/>\n14h &#8211; Orlando do Acordeon<br \/>\n16h &#8211; Driko<\/p>\n<p>_S\u00e1bado (11)_<br \/>\n12h &#8211; Paula Santana<br \/>\n14h &#8211; Michel Diniz<br \/>\n16h &#8211; Bita Dantas<\/p>\n<p>_Domingo (12)_<br \/>\n11h &#8211; Leninho de Bodoc\u00f3<br \/>\n12h &#8211; Elmo Oliveira<br \/>\n13h &#8211; J. Junior e o Forr\u00f3 Estilizado<br \/>\n14h &#8211; J\u00f4 Querino<br \/>\n16h &#8211; Banda Capital Nordestina<br \/>\nFoto: Divulga\u00e7\u00e3o\/Secom\/PMC<br \/>\nSeja seguidor do Instagram do Blog @blogdoedvaldomagalhaes<\/p>\n<p><img loading=\"lazy\" decoding=\"async\" src=\"https:\/\/blogdoedvaldomagalhaes.com.br\/wp-content\/uploads\/2024\/05\/img-20240509-wa01288175275580868431217.jpg\" class=\"wp-image-108305 alignnone size-full\" width=\"1080\" height=\"1350\" srcset=\"https:\/\/blogdoedvaldomagalhaes.com.br\/wp-content\/uploads\/2024\/05\/img-20240509-wa01288175275580868431217.jpg 1080w, https:\/\/blogdoedvaldomagalhaes.com.br\/wp-content\/uploads\/2024\/05\/img-20240509-wa01288175275580868431217-240x300.jpg 240w, https:\/\/blogdoedvaldomagalhaes.com.br\/wp-content\/uploads\/2024\/05\/img-20240509-wa01288175275580868431217-819x1024.jpg 819w, https:\/\/blogdoedvaldomagalhaes.com.br\/wp-content\/uploads\/2024\/05\/img-20240509-wa01288175275580868431217-768x960.jpg 768w\" sizes=\"auto, (max-width: 1080px) 100vw, 1080px\" \/><\/p>\n","protected":false},"excerpt":{"rendered":"<p>A programa\u00e7\u00e3o do Maior e Melhor S\u00e3o Jo\u00e3o do Mundo continua no Mercado Cultural Casa Rosa. As atra\u00e7\u00f5es do festejo&hellip;<\/p>\n","protected":false},"author":1,"featured_media":108294,"comment_status":"closed","ping_status":"open","sticky":false,"template":"","format":"standard","meta":{"footnotes":""},"categories":[14120],"tags":[30253,29440,13146,28801,30463],"class_list":["post-108293","post","type-post","status-publish","format-standard","has-post-thumbnail","hentry","category-noticias","tag-blog-caruaru","tag-blog-com-mais-visualizacao","tag-blog-edvaldo-magalhaes","tag-blog-mais-acessado","tag-mercado-cultural-casa-rosa-tem-programacao-musical-de-sexta-feira-a-domingo"],"_links":{"self":[{"href":"https:\/\/blogdoedvaldomagalhaes.com.br\/index.php\/wp-json\/wp\/v2\/posts\/108293","targetHints":{"allow":["GET"]}}],"collection":[{"href":"https:\/\/blogdoedvaldomagalhaes.com.br\/index.php\/wp-json\/wp\/v2\/posts"}],"about":[{"href":"https:\/\/blogdoedvaldomagalhaes.com.br\/index.php\/wp-json\/wp\/v2\/types\/post"}],"author":[{"embeddable":true,"href":"https:\/\/blogdoedvaldomagalhaes.com.br\/index.php\/wp-json\/wp\/v2\/users\/1"}],"replies":[{"embeddable":true,"href":"https:\/\/blogdoedvaldomagalhaes.com.br\/index.php\/wp-json\/wp\/v2\/comments?post=108293"}],"version-history":[{"count":2,"href":"https:\/\/blogdoedvaldomagalhaes.com.br\/index.php\/wp-json\/wp\/v2\/posts\/108293\/revisions"}],"predecessor-version":[{"id":108306,"href":"https:\/\/blogdoedvaldomagalhaes.com.br\/index.php\/wp-json\/wp\/v2\/posts\/108293\/revisions\/108306"}],"wp:featuredmedia":[{"embeddable":true,"href":"https:\/\/blogdoedvaldomagalhaes.com.br\/index.php\/wp-json\/wp\/v2\/media\/108294"}],"wp:attachment":[{"href":"https:\/\/blogdoedvaldomagalhaes.com.br\/index.php\/wp-json\/wp\/v2\/media?parent=108293"}],"wp:term":[{"taxonomy":"category","embeddable":true,"href":"https:\/\/blogdoedvaldomagalhaes.com.br\/index.php\/wp-json\/wp\/v2\/categories?post=108293"},{"taxonomy":"post_tag","embeddable":true,"href":"https:\/\/blogdoedvaldomagalhaes.com.br\/index.php\/wp-json\/wp\/v2\/tags?post=108293"}],"curies":[{"name":"wp","href":"https:\/\/api.w.org\/{rel}","templated":true}]}}