{"id":108290,"date":"2024-05-09T17:10:20","date_gmt":"2024-05-09T20:10:20","guid":{"rendered":"https:\/\/blogdoedvaldomagalhaes.com.br\/?p=108290"},"modified":"2024-05-09T17:10:21","modified_gmt":"2024-05-09T20:10:21","slug":"amttc-reforca-a-importancia-do-maio-amarelo-e-intensifica-acoes-educativas","status":"publish","type":"post","link":"https:\/\/blogdoedvaldomagalhaes.com.br\/index.php\/2024\/05\/09\/amttc-reforca-a-importancia-do-maio-amarelo-e-intensifica-acoes-educativas\/","title":{"rendered":"AMTTC refor\u00e7a a import\u00e2ncia do Maio Amarelo e intensifica a\u00e7\u00f5es educativas"},"content":{"rendered":"<p>A Autarquia de Mobilidade, Tr\u00e2nsito e Transporte de Caruaru (AMTTC) intensifica a\u00e7\u00f5es de conscientiza\u00e7\u00e3o sobre o Maio Amarelo, que \u00e9 um movimento mundial visando sensibilizar a sociedade sobre a import\u00e2ncia da seguran\u00e7a e paz no tr\u00e2nsito.<\/p>\n<p>Durante este m\u00eas, a AMTTC vem realizando diversas a\u00e7\u00f5es educativas e promovendo campanhas de conscientiza\u00e7\u00e3o e debates sobre o tema, em escolas, vias p\u00fablicas, empresas privadas e com representantes de v\u00e1rios setores protagonistas no tr\u00e2nsito de Caruaru. Essas a\u00e7\u00f5es procura reduzir o n\u00famero de sinistros com les\u00f5es graves e salvar vidas.<\/p>\n<p>A escolha da cor amarela para esta campanha, simboliza a aten\u00e7\u00e3o que deve ser dada aos sinais de tr\u00e2nsito, representando a necessidade de se manter alerta e respons\u00e1vel ao volante. O objetivo \u00e9 mobilizar n\u00e3o apenas condutores de ve\u00edculos, mas tamb\u00e9m pedestres, ciclistas e motociclistas, pois a seguran\u00e7a no tr\u00e2nsito \u00e9 uma responsabilidade de todos.<\/p>\n<p>Al\u00e9m disso, o Maio Amarelo tamb\u00e9m promove reflex\u00f5es sobre a import\u00e2ncia da infraestrutura vi\u00e1ria adequada, do planejamento urbano e das pol\u00edticas de seguran\u00e7a no tr\u00e2nsito, e essa tem sido umas das prioridades da gest\u00e3o, manter a cidade sinalizada adequadamente por meio de um dos seus pilares. Os investimentos nessas \u00e1reas para tornar as vias mais seguras para todos, \u00e9 not\u00f3rio por onde se passa.<\/p>\n<p>Portanto, o Maio Amarelo n\u00e3o \u00e9 apenas um m\u00eas de conscientiza\u00e7\u00e3o, mas sim um movimento cont\u00ednuo por todos, na busca incans\u00e1vel de transformar a cultura do tr\u00e2nsito, promovendo um ambiente mais seguro e humano para todos os seus usu\u00e1rios.<br \/>\nFoto: Divulga\u00e7\u00e3o\/Secom\/PMC<br \/>\nSeja seguidor do Instagram do Blog @blogdoedvaldomagalhaes<\/p>\n","protected":false},"excerpt":{"rendered":"<p>A Autarquia de Mobilidade, Tr\u00e2nsito e Transporte de Caruaru (AMTTC) intensifica a\u00e7\u00f5es de conscientiza\u00e7\u00e3o sobre o Maio Amarelo, que \u00e9&hellip;<\/p>\n","protected":false},"author":1,"featured_media":108291,"comment_status":"closed","ping_status":"open","sticky":false,"template":"","format":"standard","meta":{"footnotes":""},"categories":[14120],"tags":[30462,30253,29440,2,28801],"class_list":["post-108290","post","type-post","status-publish","format-standard","has-post-thumbnail","hentry","category-noticias","tag-amttc-reforca-a-importancia-do-maio-amarelo-e-intensifica-acoes-educativas","tag-blog-caruaru","tag-blog-com-mais-visualizacao","tag-blog-do-edvaldo-magalhaes","tag-blog-mais-acessado"],"_links":{"self":[{"href":"https:\/\/blogdoedvaldomagalhaes.com.br\/index.php\/wp-json\/wp\/v2\/posts\/108290","targetHints":{"allow":["GET"]}}],"collection":[{"href":"https:\/\/blogdoedvaldomagalhaes.com.br\/index.php\/wp-json\/wp\/v2\/posts"}],"about":[{"href":"https:\/\/blogdoedvaldomagalhaes.com.br\/index.php\/wp-json\/wp\/v2\/types\/post"}],"author":[{"embeddable":true,"href":"https:\/\/blogdoedvaldomagalhaes.com.br\/index.php\/wp-json\/wp\/v2\/users\/1"}],"replies":[{"embeddable":true,"href":"https:\/\/blogdoedvaldomagalhaes.com.br\/index.php\/wp-json\/wp\/v2\/comments?post=108290"}],"version-history":[{"count":1,"href":"https:\/\/blogdoedvaldomagalhaes.com.br\/index.php\/wp-json\/wp\/v2\/posts\/108290\/revisions"}],"predecessor-version":[{"id":108292,"href":"https:\/\/blogdoedvaldomagalhaes.com.br\/index.php\/wp-json\/wp\/v2\/posts\/108290\/revisions\/108292"}],"wp:featuredmedia":[{"embeddable":true,"href":"https:\/\/blogdoedvaldomagalhaes.com.br\/index.php\/wp-json\/wp\/v2\/media\/108291"}],"wp:attachment":[{"href":"https:\/\/blogdoedvaldomagalhaes.com.br\/index.php\/wp-json\/wp\/v2\/media?parent=108290"}],"wp:term":[{"taxonomy":"category","embeddable":true,"href":"https:\/\/blogdoedvaldomagalhaes.com.br\/index.php\/wp-json\/wp\/v2\/categories?post=108290"},{"taxonomy":"post_tag","embeddable":true,"href":"https:\/\/blogdoedvaldomagalhaes.com.br\/index.php\/wp-json\/wp\/v2\/tags?post=108290"}],"curies":[{"name":"wp","href":"https:\/\/api.w.org\/{rel}","templated":true}]}}