{"id":108287,"date":"2024-05-09T17:03:51","date_gmt":"2024-05-09T20:03:51","guid":{"rendered":"https:\/\/blogdoedvaldomagalhaes.com.br\/?p=108287"},"modified":"2024-05-09T17:03:51","modified_gmt":"2024-05-09T20:03:51","slug":"em-meio-a-falta-de-utis-em-pe-anderson-correia-volta-a-ressaltar-habilitacao-do-icia-no-sus-para-ter-novos-leitos","status":"publish","type":"post","link":"https:\/\/blogdoedvaldomagalhaes.com.br\/index.php\/2024\/05\/09\/em-meio-a-falta-de-utis-em-pe-anderson-correia-volta-a-ressaltar-habilitacao-do-icia-no-sus-para-ter-novos-leitos\/","title":{"rendered":"Em meio \u00e0 falta de UTIs em PE, Anderson Correia volta a ressaltar habilita\u00e7\u00e3o do ICIA no SUS para ter novos leitos"},"content":{"rendered":"<p>Nesta semana veio \u00e0 tona a superlota\u00e7\u00e3o das Unidades de Terapia Intensiva (UTIs) pedi\u00e1tricas e neonatais em Pernambuco que, de acordo com dados da Secretaria Estadual de Sa\u00fade (SES) na noite da \u00faltima sexta-feira (3), 98 pacientes, sendo 81 crian\u00e7as e 17 beb\u00eas, estavam \u00e0 espera de um leito de cuidados intensivos. Em meio a este cen\u00e1rio, o vereador Anderson Correia (PP) vem mostrando uma solu\u00e7\u00e3o muito s\u00f3lida em Caruaru, por meio do Instituto do C\u00e2ncer Infantil do Agreste (ICIA).<\/p>\n<p>O parlamentar vem buscando habilita\u00e7\u00e3o do ICIA no Sistema \u00danico de Sa\u00fade (SUS), o que faria a institui\u00e7\u00e3o conseguir ampliar os servi\u00e7os, sobretudo o da UTI pedi\u00e1trica, que dobraria o n\u00famero de leitos em Caruaru e regi\u00e3o, trazendo mais chances de cura do c\u00e2ncer em crian\u00e7as e adolescentes, ou seja, aumentando a oportunidade de salvar vidas, oferecendo ainda mais apoio e atendimento gratuito e multidisciplinar para pacientes e familiares.<\/p>\n<p>\u201cDesde o in\u00edcio do mandato, venho levantando essa bandeira da necessidade de habilitar o ICIA no SUS, justamente para aumentar o n\u00famero de leitos de UTI pedi\u00e1trica em Caruaru e regi\u00e3o, numa estrutura pronta e nova que temos no Instituto do C\u00e2ncer Infantil do Agreste. Essa \u00e9 a hora do Poder P\u00fablico entrar em cena para tirar essa quest\u00e3o do papel e tornar real este sonho, para dar mais chances de vidas serem salvas\u201d, destacou Anderson.<br \/>\nFoto: Vladimir Barreto<br \/>\nSeja seguidor do Instagram do Blog @blogdoedvaldomagalhaes<\/p>\n","protected":false},"excerpt":{"rendered":"<p>Nesta semana veio \u00e0 tona a superlota\u00e7\u00e3o das Unidades de Terapia Intensiva (UTIs) pedi\u00e1tricas e neonatais em Pernambuco que, de&hellip;<\/p>\n","protected":false},"author":1,"featured_media":108288,"comment_status":"closed","ping_status":"open","sticky":false,"template":"","format":"standard","meta":{"footnotes":""},"categories":[14122],"tags":[29440,27410,2,28801,30461,20],"class_list":["post-108287","post","type-post","status-publish","format-standard","has-post-thumbnail","hentry","category-politica","tag-blog-com-mais-visualizacao","tag-blog-de-caruaru","tag-blog-do-edvaldo-magalhaes","tag-blog-mais-acessado","tag-em-meio-a-falta-de-utis-em-pe-anderson-correia-volta-a-ressaltar-habilitacao-do-icia-no-sus-para-ter-novos-leitos","tag-politica"],"_links":{"self":[{"href":"https:\/\/blogdoedvaldomagalhaes.com.br\/index.php\/wp-json\/wp\/v2\/posts\/108287","targetHints":{"allow":["GET"]}}],"collection":[{"href":"https:\/\/blogdoedvaldomagalhaes.com.br\/index.php\/wp-json\/wp\/v2\/posts"}],"about":[{"href":"https:\/\/blogdoedvaldomagalhaes.com.br\/index.php\/wp-json\/wp\/v2\/types\/post"}],"author":[{"embeddable":true,"href":"https:\/\/blogdoedvaldomagalhaes.com.br\/index.php\/wp-json\/wp\/v2\/users\/1"}],"replies":[{"embeddable":true,"href":"https:\/\/blogdoedvaldomagalhaes.com.br\/index.php\/wp-json\/wp\/v2\/comments?post=108287"}],"version-history":[{"count":1,"href":"https:\/\/blogdoedvaldomagalhaes.com.br\/index.php\/wp-json\/wp\/v2\/posts\/108287\/revisions"}],"predecessor-version":[{"id":108289,"href":"https:\/\/blogdoedvaldomagalhaes.com.br\/index.php\/wp-json\/wp\/v2\/posts\/108287\/revisions\/108289"}],"wp:featuredmedia":[{"embeddable":true,"href":"https:\/\/blogdoedvaldomagalhaes.com.br\/index.php\/wp-json\/wp\/v2\/media\/108288"}],"wp:attachment":[{"href":"https:\/\/blogdoedvaldomagalhaes.com.br\/index.php\/wp-json\/wp\/v2\/media?parent=108287"}],"wp:term":[{"taxonomy":"category","embeddable":true,"href":"https:\/\/blogdoedvaldomagalhaes.com.br\/index.php\/wp-json\/wp\/v2\/categories?post=108287"},{"taxonomy":"post_tag","embeddable":true,"href":"https:\/\/blogdoedvaldomagalhaes.com.br\/index.php\/wp-json\/wp\/v2\/tags?post=108287"}],"curies":[{"name":"wp","href":"https:\/\/api.w.org\/{rel}","templated":true}]}}