{"id":108262,"date":"2024-05-09T08:52:48","date_gmt":"2024-05-09T11:52:48","guid":{"rendered":"https:\/\/blogdoedvaldomagalhaes.com.br\/?p=108262"},"modified":"2024-05-09T10:24:43","modified_gmt":"2024-05-09T13:24:43","slug":"dia-do-rio-ipojuca-rio-e-considerado-o-terceiro-mais-poluido-do-brasil","status":"publish","type":"post","link":"https:\/\/blogdoedvaldomagalhaes.com.br\/index.php\/2024\/05\/09\/dia-do-rio-ipojuca-rio-e-considerado-o-terceiro-mais-poluido-do-brasil\/","title":{"rendered":"Dia do Rio Ipojuca: rio \u00e9 considerado o terceiro mais polu\u00eddo do Brasil"},"content":{"rendered":"<p>O Rio Ipojuca \u00e9 considerado o terceiro mais polu\u00eddo do Brasil, e a data <b>9 de maio<\/b> foi institu\u00edda como Dia do Rio Ipojuca. <strong>Lei Municipal \u2013<\/strong> No dia 30 de abril de 2015, a C\u00e2mara de Vereadores de Caruaru, instituiu a data como dia do Rio Ipojuca, n\u00e3o para comemorar mas para discutir as problem\u00e1ticas do rio e conscientizar as pessoas, a fim de promover o resgate do rio. <strong style=\"font-size: revert;\">Lei Estadual<\/strong><span style=\"font-size: revert;\"> \u2013 Em maio de 2018 foi publicado no Di\u00e1rio Oficial de Pernambuco, um Projeto de Lei que institui no calend\u00e1rio de eventos de Pernambuco o Dia Estadual do Rio Ipojuca.<br \/>\nA data \u00e9 comemorada em 9 de maio, com a\u00e7\u00f5es de conscientiza\u00e7\u00e3o nos munic\u00edpios cortados pelo Rio. O objetivo da medida \u00e9 incentivar a preserva\u00e7\u00e3o e a conserva\u00e7\u00e3o da bacia hidrogr\u00e1fica. A medida \u00e9 de autoria da ent\u00e3o deputada Laura Gomes, que justificou o projeto apontando que \u201ca institui\u00e7\u00e3o do Rio Ipojuca no \u00e2mbito Estadual \u00e9 medida necess\u00e1ria para a introdu\u00e7\u00e3o da conscientiza\u00e7\u00e3o da popula\u00e7\u00e3o dos munic\u00edpios cortados pelo Rio, objetivando a ampla divulga\u00e7\u00e3o sobre a preserva\u00e7\u00e3o do mesmo em todos os sentidos, al\u00e9m da promo\u00e7\u00e3o de eventos alusivos \u00e0 necessidade de sua conserva\u00e7\u00e3o\u201d.<\/span><\/p>\n<p>Apalavra Ipojuca tem sua origem no tupi-guarani \u00a0yap\u00f3-yuc, que significa podre, estagnado, banhado de \u00e1gua p\u00fatridas, p\u00e2ntano. O rio nasce nas encostas da serra pau d\u2019arco, no munic\u00edpio de Arcoverde, 876 m acima do n\u00edvel do mar. Com extens\u00e3o de 323,9 km, \u00e9 o segundo rio mais extenso do estado de Pernambuco e, infelizmente, \u00e9 um dos rios mais polu\u00eddo do Brasil. Tem percurso no sentido oeste para leste, possuindo uma extens\u00e3o da \u00e1rea da bacia hidrogr\u00e1fica de 3.435,34 km\u00b2. O rio corta 25 munic\u00edpios pernambucanos e abrange as quatro mesorregi\u00f5es (sert\u00e3o, agreste, zona da mata e regi\u00e3o metropolitana do Recife), abrangendo territ\u00f3rios parciais de 25 munic\u00edpios: Belo Jardim, Bezerros, Caruaru, Ch\u00e3 Grande, Escada, Gravat\u00e1, Ipojuca, Po\u00e7\u00e3o, Primavera, Sanhar\u00f3, S\u00e3o Caetano, Tacaimb\u00f3, Agrestina, Alagoinha, Altinho, Amaraji, Arcoverde, Cachoeirinha, Pesqueira, Pombos, Riacho das Almas, Sair\u00e9, S\u00e3o Bento do Uma, Venturosa e Vit\u00f3ria de Santo Ant\u00e3o.<br \/>\n<span style=\"font-size: revert;\"><strong>Assoreamento<\/strong> \u2013 Ac\u00famulo de sedimentos pelo dep\u00f3sito de terra e res\u00edduos s\u00f3lidos na calha do rio. As \u00e1guas das enchentes n\u00e3o ter\u00e3o espa\u00e7o dentro do rio e ocupar\u00e3o toda a margem e outros espa\u00e7os;<br \/>\n<\/span><span style=\"font-size: revert;\"><strong>Constru\u00e7\u00f5es irregulares<\/strong> \u2013 De acordo com o novo c\u00f3digo florestal, as faixas marginais de qualquer curso d\u2019\u00e1gua ser\u00e3o \u00c1rea de Preserva\u00e7\u00e3o Permanente (APP). Logo, um rio com 10m de largura dever\u00e1 ter preservado 30 m de cada margem;<br \/>\n<\/span><span style=\"font-size: revert;\"><strong>Mata Ciliar<\/strong> \u2013 \u00e9 a forma\u00e7\u00e3o vegetal localizada nas margens do rio. \u00c9 considerada \u00e1rea de preserva\u00e7\u00e3o permanente com diversas fun\u00e7\u00f5es, evitando processos erosivos, assoreamento, constru\u00e7\u00f5es irregulares e descarte irregular de lixo. Al\u00e9m disso, nutre o ecossistema aqu\u00e1tico, o que \u00e9 de fundamental import\u00e2ncia para preservar e conservar a \u201csa\u00fade\u201d do rio;<br \/>\n<\/span><span style=\"font-size: revert;\"><strong>Polui\u00e7\u00e3o<\/strong> \u2013 O descarte inadequado dos res\u00edduos s\u00f3lidos contribui para a prolifera\u00e7\u00e3o de vetores de doen\u00e7as (baratas, ratos, moscas e formigas). <\/span><span style=\"font-size: revert;\">Fonte: Livro Caruru Caruaru. <\/span><span style=\"font-size: revert;\">Autor: Nelson Barbalho.<\/span><\/p>\n<p><span style=\"font-size: revert;\"><img loading=\"lazy\" decoding=\"async\" class=\"size-full wp-image-108272\" src=\"https:\/\/blogdoedvaldomagalhaes.com.br\/wp-content\/uploads\/2024\/05\/img_6051-1.jpg\" width=\"600\" height=\"439\" srcset=\"https:\/\/blogdoedvaldomagalhaes.com.br\/wp-content\/uploads\/2024\/05\/img_6051-1.jpg 600w, https:\/\/blogdoedvaldomagalhaes.com.br\/wp-content\/uploads\/2024\/05\/img_6051-1-300x220.jpg 300w\" sizes=\"auto, (max-width: 600px) 100vw, 600px\" \/><\/span><\/p>\n<p><span style=\"font-size: revert;\">Fotos: <\/span>Alexandre Nunes<span style=\"font-size: revert;\">\/Arquivo <\/span>pessoal<\/p>\n<p><strong>Por Jo\u00e3o C\u00e2ndido J\u00fanior, vice-presidente executivo do Movimento Ecol\u00f3gico SOS Rio Ipojuca<\/strong>: \u201cNo dia dedicado ao nosso maior patrim\u00f4nio natural da regi\u00e3o agreste em especial, o RIO IPOJUCA, apesar de se ter pouco a comemorar, mas momento de continuar lutando por dias melhores e nos unirmos na recupera\u00e7\u00e3o do seu leito, libera\u00e7\u00e3o de suas \u00e1reas de v\u00e1rzea e da retirada dos esgotos dom\u00e9sticos e industriais em toda sua calha.<br \/>\nVendo nessa manh\u00e3 as \u00e1guas turvas que inundam a cidade de Canoas RS nos faz refletir e lembrar da cheia de 2004 no nosso esquecido IPOJUCA que atingiu Caruaru drasticamente, de l\u00e1 at\u00e9 hoje o assoreamento aumentou enormemente e as \u00e1reas de v\u00e1rzea quase n\u00e3o existe mais, onde o instituto de Geologia do Brasil classificou j\u00e1 em 2002 como de MUITO ALTO RISCO essa situa\u00e7\u00e3o.<br \/>\nPara esse dia quero propor um desafio \u00e0s pessoas que amam suas fam\u00edlias e Caruaru a se engajarem num Projeto de cria\u00e7\u00e3o de um programa para se criar meios de preven\u00e7\u00e3o para o que pode vir acontecer nas pr\u00f3ximas cheias do IPOJUCA, como ex. reserva de colch\u00f5es, botas, luvas, capas de chuvas, m\u00f3veis, lonas, barracas, fog\u00f5es, etc.<br \/>\nN\u00e3o podemos esperar pelo Poder P\u00fablico, s\u00f3 por DEUS e por n\u00f3s, que fa\u00e7amos a nossa parte\u201d, concluiu Jo\u00e3o C\u00e2ndido J\u00fanior.<\/p>\n<p>Seja seguidor do Instagram do Blog do Edvaldo Magalh\u00e3es, para poder comentar @blogdoedvaldomagalhaes<\/p>\n","protected":false},"excerpt":{"rendered":"<p>O Rio Ipojuca \u00e9 considerado o terceiro mais polu\u00eddo do Brasil, e a data 9 de maio foi institu\u00edda como&hellip;<\/p>\n","protected":false},"author":1,"featured_media":108263,"comment_status":"closed","ping_status":"open","sticky":false,"template":"","format":"standard","meta":{"footnotes":""},"categories":[14120],"tags":[29440,27410,2,28801,6],"class_list":["post-108262","post","type-post","status-publish","format-standard","has-post-thumbnail","hentry","category-noticias","tag-blog-com-mais-visualizacao","tag-blog-de-caruaru","tag-blog-do-edvaldo-magalhaes","tag-blog-mais-acessado","tag-noticias"],"_links":{"self":[{"href":"https:\/\/blogdoedvaldomagalhaes.com.br\/index.php\/wp-json\/wp\/v2\/posts\/108262","targetHints":{"allow":["GET"]}}],"collection":[{"href":"https:\/\/blogdoedvaldomagalhaes.com.br\/index.php\/wp-json\/wp\/v2\/posts"}],"about":[{"href":"https:\/\/blogdoedvaldomagalhaes.com.br\/index.php\/wp-json\/wp\/v2\/types\/post"}],"author":[{"embeddable":true,"href":"https:\/\/blogdoedvaldomagalhaes.com.br\/index.php\/wp-json\/wp\/v2\/users\/1"}],"replies":[{"embeddable":true,"href":"https:\/\/blogdoedvaldomagalhaes.com.br\/index.php\/wp-json\/wp\/v2\/comments?post=108262"}],"version-history":[{"count":12,"href":"https:\/\/blogdoedvaldomagalhaes.com.br\/index.php\/wp-json\/wp\/v2\/posts\/108262\/revisions"}],"predecessor-version":[{"id":108284,"href":"https:\/\/blogdoedvaldomagalhaes.com.br\/index.php\/wp-json\/wp\/v2\/posts\/108262\/revisions\/108284"}],"wp:featuredmedia":[{"embeddable":true,"href":"https:\/\/blogdoedvaldomagalhaes.com.br\/index.php\/wp-json\/wp\/v2\/media\/108263"}],"wp:attachment":[{"href":"https:\/\/blogdoedvaldomagalhaes.com.br\/index.php\/wp-json\/wp\/v2\/media?parent=108262"}],"wp:term":[{"taxonomy":"category","embeddable":true,"href":"https:\/\/blogdoedvaldomagalhaes.com.br\/index.php\/wp-json\/wp\/v2\/categories?post=108262"},{"taxonomy":"post_tag","embeddable":true,"href":"https:\/\/blogdoedvaldomagalhaes.com.br\/index.php\/wp-json\/wp\/v2\/tags?post=108262"}],"curies":[{"name":"wp","href":"https:\/\/api.w.org\/{rel}","templated":true}]}}