{"id":108255,"date":"2024-05-08T21:45:58","date_gmt":"2024-05-09T00:45:58","guid":{"rendered":"https:\/\/blogdoedvaldomagalhaes.com.br\/?p=108255"},"modified":"2024-05-08T22:07:11","modified_gmt":"2024-05-09T01:07:11","slug":"preso-padrasto-que-praticou-violencia-sexual-contra-os-enteados-de-5-a-11-anos-e-uma-das-vitimas-e-autista","status":"publish","type":"post","link":"https:\/\/blogdoedvaldomagalhaes.com.br\/index.php\/2024\/05\/08\/preso-padrasto-que-praticou-violencia-sexual-contra-os-enteados-de-5-a-11-anos-e-uma-das-vitimas-e-autista\/","title":{"rendered":"Preso padrasto que praticou viol\u00eancia sexual contra os enteados de 5 a 11 anos, e uma das v\u00edtimas \u00e9 autista"},"content":{"rendered":"<p>A Pol\u00edcia Civil atrav\u00e9s da 4\u00aa Delegacia da Mulher de Caruaru, prendeu  um homem de 31 anos, que n\u00e3o teve o nome divulgado por conta da Lei de Abuso de Autoridade, suspeito de abusar sexualmente de quatro crian\u00e7as, com idades entre 05 e 10 anos, sendo tr\u00eas meninas e um menino autista.<\/p>\n<p>Durante coletiva de imprensa nesta quarta-feira (08.05), a delegada Sara Gouveia, titular da 4\u00aa Delegacia da Mulher de Caruaru, afirmou que &#8220;a m\u00e3e procurou a Delegacia da Mulher juntamente com os filhos e relatou que encontrou \u00e0s crian\u00e7as praticando ato sexual entre si e perguntou o que estava acontecendo. A menina mais velha revelou que vinha sofrendo abuso sexual do padrasto, depois \u00e0s outras meninas tamb\u00e9m confessaram que o acusado colocava v\u00eddeos pornogr\u00e1ficos para todos assistirem, ele colocava o dedo nos \u00f3rg\u00e3os sexuais delas, pedia pra elas praticarem sexo oral nele, e ele fazia sexo oral nelas, h\u00e1 cerca de dois anos. Ele aproveitava quando a m\u00e3e sa\u00eda, e ficava sozinho com \u00e0s crian\u00e7as. Ele era agressivo contra a m\u00e3e e \u00e0s crian\u00e7as&#8221;, concluiu a delegada.<\/p>\n<p>Decretada a pris\u00e3o preventiva do acusado, que foi levado para Penitenci\u00e1ria Juiz Pl\u00e1cido de Souza (PJPS), em Caruaru.<br \/>\nFoto ilustrativa: Reprodu\u00e7\u00e3o<br \/>\nSeja seguidor do Instagram do Blog para comentar @blogdoedvaldomagalhaes<\/p>\n","protected":false},"excerpt":{"rendered":"<p>A Pol\u00edcia Civil atrav\u00e9s da 4\u00aa Delegacia da Mulher de Caruaru, prendeu um homem de 31 anos, que n\u00e3o teve&hellip;<\/p>\n","protected":false},"author":1,"featured_media":12835,"comment_status":"closed","ping_status":"open","sticky":false,"template":"","format":"standard","meta":{"footnotes":""},"categories":[14121],"tags":[29440,27410,2,28801,30459,30458],"class_list":["post-108255","post","type-post","status-publish","format-standard","has-post-thumbnail","hentry","category-policial","tag-blog-com-mais-visualizacao","tag-blog-de-caruaru","tag-blog-do-edvaldo-magalhaes","tag-blog-mais-acessado","tag-estupro","tag-preso-padrasto-que-praticou-violencia-sexual-contra-os-enteados-de-5-a-11-anos-e-uma-das-vitimas-e-autista"],"_links":{"self":[{"href":"https:\/\/blogdoedvaldomagalhaes.com.br\/index.php\/wp-json\/wp\/v2\/posts\/108255","targetHints":{"allow":["GET"]}}],"collection":[{"href":"https:\/\/blogdoedvaldomagalhaes.com.br\/index.php\/wp-json\/wp\/v2\/posts"}],"about":[{"href":"https:\/\/blogdoedvaldomagalhaes.com.br\/index.php\/wp-json\/wp\/v2\/types\/post"}],"author":[{"embeddable":true,"href":"https:\/\/blogdoedvaldomagalhaes.com.br\/index.php\/wp-json\/wp\/v2\/users\/1"}],"replies":[{"embeddable":true,"href":"https:\/\/blogdoedvaldomagalhaes.com.br\/index.php\/wp-json\/wp\/v2\/comments?post=108255"}],"version-history":[{"count":5,"href":"https:\/\/blogdoedvaldomagalhaes.com.br\/index.php\/wp-json\/wp\/v2\/posts\/108255\/revisions"}],"predecessor-version":[{"id":108261,"href":"https:\/\/blogdoedvaldomagalhaes.com.br\/index.php\/wp-json\/wp\/v2\/posts\/108255\/revisions\/108261"}],"wp:featuredmedia":[{"embeddable":true,"href":"https:\/\/blogdoedvaldomagalhaes.com.br\/index.php\/wp-json\/wp\/v2\/media\/12835"}],"wp:attachment":[{"href":"https:\/\/blogdoedvaldomagalhaes.com.br\/index.php\/wp-json\/wp\/v2\/media?parent=108255"}],"wp:term":[{"taxonomy":"category","embeddable":true,"href":"https:\/\/blogdoedvaldomagalhaes.com.br\/index.php\/wp-json\/wp\/v2\/categories?post=108255"},{"taxonomy":"post_tag","embeddable":true,"href":"https:\/\/blogdoedvaldomagalhaes.com.br\/index.php\/wp-json\/wp\/v2\/tags?post=108255"}],"curies":[{"name":"wp","href":"https:\/\/api.w.org\/{rel}","templated":true}]}}