{"id":108245,"date":"2024-05-08T19:06:09","date_gmt":"2024-05-08T22:06:09","guid":{"rendered":"https:\/\/blogdoedvaldomagalhaes.com.br\/?p=108245"},"modified":"2024-05-08T19:06:11","modified_gmt":"2024-05-08T22:06:11","slug":"prf-pe-inicia-campanha-de-arrecadacao-de-donativos-para-o-rio-grande-do-sul","status":"publish","type":"post","link":"https:\/\/blogdoedvaldomagalhaes.com.br\/index.php\/2024\/05\/08\/prf-pe-inicia-campanha-de-arrecadacao-de-donativos-para-o-rio-grande-do-sul\/","title":{"rendered":"PRF\/PE inicia campanha de arrecada\u00e7\u00e3o de donativos para o Rio Grande do Sul"},"content":{"rendered":"<p>A Pol\u00edcia Rodovi\u00e1ria Federal (PRF) em Pernambuco iniciou, na ter\u00e7a (07), uma campanha de arrecada\u00e7\u00e3o de donativos para as v\u00edtimas das enchentes no Rio Grande do Sul (RS). At\u00e9 o pr\u00f3ximo dia 21 de maio, todas as unidades da PRF no estado estar\u00e3o recebendo as doa\u00e7\u00f5es. <\/p>\n<p>O que doar? Os interessados em ajudar as centenas de pessoas desabrigadas e desalojadas no RS podem doar \u00e1gua mineral, alimentos n\u00e3o perec\u00edveis, produtos de higiene pessoal e produtos de limpeza. <\/p>\n<p>Junte-se a n\u00f3s! V\u00e1 at\u00e9 a unidade PRF mais perto de voc\u00ea e fa\u00e7a sua doa\u00e7\u00e3o.<br \/>\nSeja seguidor do Instagram do Blog para comentar @blogdoedvaldomagalhaes<\/p>\n","protected":false},"excerpt":{"rendered":"<p>A Pol\u00edcia Rodovi\u00e1ria Federal (PRF) em Pernambuco iniciou, na ter\u00e7a (07), uma campanha de arrecada\u00e7\u00e3o de donativos para as v\u00edtimas&hellip;<\/p>\n","protected":false},"author":1,"featured_media":108246,"comment_status":"closed","ping_status":"open","sticky":false,"template":"","format":"standard","meta":{"footnotes":""},"categories":[14120],"tags":[29440,27410,2,28801,30456],"class_list":["post-108245","post","type-post","status-publish","format-standard","has-post-thumbnail","hentry","category-noticias","tag-blog-com-mais-visualizacao","tag-blog-de-caruaru","tag-blog-do-edvaldo-magalhaes","tag-blog-mais-acessado","tag-prf-pe-inicia-campanha-de-arrecadacao-de-donativos-para-o-rio-grande-do-sul"],"_links":{"self":[{"href":"https:\/\/blogdoedvaldomagalhaes.com.br\/index.php\/wp-json\/wp\/v2\/posts\/108245","targetHints":{"allow":["GET"]}}],"collection":[{"href":"https:\/\/blogdoedvaldomagalhaes.com.br\/index.php\/wp-json\/wp\/v2\/posts"}],"about":[{"href":"https:\/\/blogdoedvaldomagalhaes.com.br\/index.php\/wp-json\/wp\/v2\/types\/post"}],"author":[{"embeddable":true,"href":"https:\/\/blogdoedvaldomagalhaes.com.br\/index.php\/wp-json\/wp\/v2\/users\/1"}],"replies":[{"embeddable":true,"href":"https:\/\/blogdoedvaldomagalhaes.com.br\/index.php\/wp-json\/wp\/v2\/comments?post=108245"}],"version-history":[{"count":1,"href":"https:\/\/blogdoedvaldomagalhaes.com.br\/index.php\/wp-json\/wp\/v2\/posts\/108245\/revisions"}],"predecessor-version":[{"id":108247,"href":"https:\/\/blogdoedvaldomagalhaes.com.br\/index.php\/wp-json\/wp\/v2\/posts\/108245\/revisions\/108247"}],"wp:featuredmedia":[{"embeddable":true,"href":"https:\/\/blogdoedvaldomagalhaes.com.br\/index.php\/wp-json\/wp\/v2\/media\/108246"}],"wp:attachment":[{"href":"https:\/\/blogdoedvaldomagalhaes.com.br\/index.php\/wp-json\/wp\/v2\/media?parent=108245"}],"wp:term":[{"taxonomy":"category","embeddable":true,"href":"https:\/\/blogdoedvaldomagalhaes.com.br\/index.php\/wp-json\/wp\/v2\/categories?post=108245"},{"taxonomy":"post_tag","embeddable":true,"href":"https:\/\/blogdoedvaldomagalhaes.com.br\/index.php\/wp-json\/wp\/v2\/tags?post=108245"}],"curies":[{"name":"wp","href":"https:\/\/api.w.org\/{rel}","templated":true}]}}