{"id":108242,"date":"2024-05-08T18:52:33","date_gmt":"2024-05-08T21:52:33","guid":{"rendered":"https:\/\/blogdoedvaldomagalhaes.com.br\/?p=108242"},"modified":"2024-05-08T18:52:33","modified_gmt":"2024-05-08T21:52:33","slug":"prefeitura-de-caruaru-abre-inscricoes-para-os-embaixadores-do-turismo-do-municipio","status":"publish","type":"post","link":"https:\/\/blogdoedvaldomagalhaes.com.br\/index.php\/2024\/05\/08\/prefeitura-de-caruaru-abre-inscricoes-para-os-embaixadores-do-turismo-do-municipio\/","title":{"rendered":"Prefeitura de Caruaru abre inscri\u00e7\u00f5es para os Embaixadores do Turismo do munic\u00edpio"},"content":{"rendered":"<p>As inscri\u00e7\u00f5es para a sele\u00e7\u00e3o dos Embaixadores do Turismo de Caruaru foram iniciadas nesta quarta-feira (08), Dia Nacional do Turismo. A iniciativa da Prefeitura de Caruaru, por meio do Conselho Municipal do Turismo de Caruaru (Comturc), vinculado a Secretaria de Desenvolvimento Econ\u00f4mico, Turismo, Tecnologia e Economia Criativa (Sedetec), visa homenagear pessoas que contribuam de forma significativa para o turismo da cidade. <\/p>\n<p>Ser\u00e3o nomeados seis embaixadores com a atribui\u00e7\u00e3o de divulgar o turismo do munic\u00edpio, durante 12 meses. Podem se inscrever pessoas atuantes no crescimento da atividade tur\u00edstica do munic\u00edpio; que tenham um trabalho de destaque na atividade tur\u00edstica; e que realizem um trabalho consolidado na \u00e1rea tur\u00edstica por mais de tr\u00eas anos.<\/p>\n<p>Ao receber o t\u00edtulo honor\u00edfico de \u201cEmbaixador ou Embaixadora do Turismo Caruaruense\u201d, os indicados ser\u00e3o agraciados com jantar; participa\u00e7\u00e3o em evento da Associa\u00e7\u00e3o dos Secret\u00e1rios de Turismo de Pernambuco &#8211; Astur; almo\u00e7o em restaurante regional; di\u00e1ria no fim de semana em um dos hot\u00e9is parceiros; e acesso exclusivo aos eventos promovidos pela Prefeitura de Caruaru. <\/p>\n<p>\u201cEssa honraria \u00e9 uma forma de reconhecer as pessoas que levam o munic\u00edpio no seu cora\u00e7\u00e3o, no seu dia-a-dia, na sua vida\u201d, ressaltou o secret\u00e1rio de Desenvolvimento Econ\u00f4mico, Turismo, Tecnologia e Economia Criativa, Pedro Augusto. \u201cQue a gente consiga homenagear essas pessoas  e que elas fa\u00e7am com mais for\u00e7a e se sentindo realmente Embaixadores de Caruaru, com reconhecimento da cidade\u201d. <\/p>\n<p>As inscri\u00e7\u00f5es devem ser feitas, at\u00e9 \u00e0s 23h59 do dia 16 de maio, exclusivamente pelo site do Conhe\u00e7a Caruaru (https:\/\/conheca.caruaru.pe.gov.br\/). \u00c9 s\u00f3 clicar no banner \u201cSeja um Embaixador do Turismo de Caruaru\u201d e responder o formul\u00e1rio. <\/p>\n<p>Os selecionados ter\u00e3o seus nomes divulgados no Di\u00e1rio Oficial do dia 17 de maio e os certificados ser\u00e3o entregues em solenidade no anivers\u00e1rio de Caruaru, 18 de maio.<\/p>\n<p>O edital, com todo o processo da sele\u00e7\u00e3o, estar\u00e1 dispon\u00edvel no Di\u00e1rio Oficial do munic\u00edpio, do dia oito de maio. Acesse https:\/\/diariooficial.caruaru.pe.gov.br\/<br \/>\nFoto: Divulga\u00e7\u00e3o\/Secom\/PMC<br \/>\nSeja seguidor do Instagram do Blog @blogdoedvaldomagalhaes<\/p>\n","protected":false},"excerpt":{"rendered":"<p>As inscri\u00e7\u00f5es para a sele\u00e7\u00e3o dos Embaixadores do Turismo de Caruaru foram iniciadas nesta quarta-feira (08), Dia Nacional do Turismo.&hellip;<\/p>\n","protected":false},"author":1,"featured_media":108243,"comment_status":"closed","ping_status":"open","sticky":false,"template":"","format":"standard","meta":{"footnotes":""},"categories":[14120],"tags":[29440,27410,2,28801,30455],"class_list":["post-108242","post","type-post","status-publish","format-standard","has-post-thumbnail","hentry","category-noticias","tag-blog-com-mais-visualizacao","tag-blog-de-caruaru","tag-blog-do-edvaldo-magalhaes","tag-blog-mais-acessado","tag-prefeitura-de-caruaru-abre-inscricoes-para-os-embaixadores-do-turismo-do-municipio"],"_links":{"self":[{"href":"https:\/\/blogdoedvaldomagalhaes.com.br\/index.php\/wp-json\/wp\/v2\/posts\/108242","targetHints":{"allow":["GET"]}}],"collection":[{"href":"https:\/\/blogdoedvaldomagalhaes.com.br\/index.php\/wp-json\/wp\/v2\/posts"}],"about":[{"href":"https:\/\/blogdoedvaldomagalhaes.com.br\/index.php\/wp-json\/wp\/v2\/types\/post"}],"author":[{"embeddable":true,"href":"https:\/\/blogdoedvaldomagalhaes.com.br\/index.php\/wp-json\/wp\/v2\/users\/1"}],"replies":[{"embeddable":true,"href":"https:\/\/blogdoedvaldomagalhaes.com.br\/index.php\/wp-json\/wp\/v2\/comments?post=108242"}],"version-history":[{"count":1,"href":"https:\/\/blogdoedvaldomagalhaes.com.br\/index.php\/wp-json\/wp\/v2\/posts\/108242\/revisions"}],"predecessor-version":[{"id":108244,"href":"https:\/\/blogdoedvaldomagalhaes.com.br\/index.php\/wp-json\/wp\/v2\/posts\/108242\/revisions\/108244"}],"wp:featuredmedia":[{"embeddable":true,"href":"https:\/\/blogdoedvaldomagalhaes.com.br\/index.php\/wp-json\/wp\/v2\/media\/108243"}],"wp:attachment":[{"href":"https:\/\/blogdoedvaldomagalhaes.com.br\/index.php\/wp-json\/wp\/v2\/media?parent=108242"}],"wp:term":[{"taxonomy":"category","embeddable":true,"href":"https:\/\/blogdoedvaldomagalhaes.com.br\/index.php\/wp-json\/wp\/v2\/categories?post=108242"},{"taxonomy":"post_tag","embeddable":true,"href":"https:\/\/blogdoedvaldomagalhaes.com.br\/index.php\/wp-json\/wp\/v2\/tags?post=108242"}],"curies":[{"name":"wp","href":"https:\/\/api.w.org\/{rel}","templated":true}]}}