{"id":108239,"date":"2024-05-08T18:45:16","date_gmt":"2024-05-08T21:45:16","guid":{"rendered":"https:\/\/blogdoedvaldomagalhaes.com.br\/?p=108239"},"modified":"2024-05-08T18:45:17","modified_gmt":"2024-05-08T21:45:17","slug":"confira-a-programacao-de-acoes-do-dia-mundial-de-higiene-das-maos-no-hmv","status":"publish","type":"post","link":"https:\/\/blogdoedvaldomagalhaes.com.br\/index.php\/2024\/05\/08\/confira-a-programacao-de-acoes-do-dia-mundial-de-higiene-das-maos-no-hmv\/","title":{"rendered":"Confira a programa\u00e7\u00e3o de a\u00e7\u00f5es do dia Mundial de Higiene das M\u00e3os no HMV"},"content":{"rendered":"<p>O Hospital Mestre Vitalino (HMV) elaborou uma programa\u00e7\u00e3o especial para celebrar o Dia Mundial de Higiene das M\u00e3os que \u00e9 comemorado no dia 05 de maio. As atividades come\u00e7aram ontem (07) e seguem at\u00e9 o dia 17. A ideia \u00e9 ampliar as orienta\u00e7\u00f5es para todos os colaboradores, em v\u00e1rios momentos e diferentes hor\u00e1rios.<\/p>\n<p>Ontem (07), \u00e0s 14h, os colaboradores participaram de uma apresenta\u00e7\u00e3o l\u00fadica sobre a tem\u00e1tica, com a presen\u00e7a do palestrante Dr. Bira. Hoje \u00e0s 10h da manh\u00e3 foi realizada a premia\u00e7\u00e3o para os setores com maior \u00edndice de higieniza\u00e7\u00e3o das m\u00e3os. Amanh\u00e3 (09), \u00e0s 14h, haver\u00e1 uma palestra sobre a evolu\u00e7\u00e3o das bact\u00e9rias multirresistentes, com o Dr. Wald\u00eanio Soares, no audit\u00f3rio da unidade.<\/p>\n<p>Nos dias 16 e 17 de maio ser\u00e1 promovida uma a\u00e7\u00e3o de higiene das m\u00e3os e preven\u00e7\u00e3o de infec\u00e7\u00e3o em v\u00e1rias \u00e1reas do HMV. Na manh\u00e3 do dia 16, \u00e0s 09h30 na \u00e1rea de conviv\u00eancia no 1\u00ba andar e \u00e0s 10h30 na \u00e1rea de conviv\u00eancia no 2\u00ba andar. J\u00e1 a tarde a a\u00e7\u00e3o ser\u00e1 na sa\u00edda das ambul\u00e2ncias, com dois grupos, um \u00e0s 14h e outro \u00e0s 15h.<\/p>\n<p>Na manh\u00e3 do dia 17, \u00e0s 09h na oncologia, \u00e0s 09h30 na hemodi\u00e1lise ambulatorial, \u00e0s 10h20 no bloco cir\u00fargico e hemodin\u00e2mica e \u00e0s 11h no hall (pr\u00f3ximo a cl\u00ednica vascular). A tarde a programa\u00e7\u00e3o segue na sa\u00edda das ambul\u00e2ncias, com dois grupos, ambos nos mesmos hor\u00e1rios do dia anterior.<\/p>\n<p>As m\u00e3os constituem a principal via de transmiss\u00e3o de microrganismos durante a assist\u00eancia prestada aos pacientes. A pele \u00e9 um poss\u00edvel reservat\u00f3rio de diversos microrganismos que podem se transferir de uma superf\u00edcie para outra, por meio de contato direto (pele com pele), ou indireto, atrav\u00e9s do contato com objetos e superf\u00edcies contaminadas. A higieniza\u00e7\u00e3o das m\u00e3os \u00e9 considerada uma medida individual simples e menos dispendiosa para prevenir a propaga\u00e7\u00e3o das infec\u00e7\u00f5es relacionadas \u00e0 assist\u00eancia \u00e0 sa\u00fade. Foto: Divulga\u00e7\u00e3o<br \/>\nSeja seguidor do Instagram do Blog @blogdoedvaldomagalhaes<\/p>\n","protected":false},"excerpt":{"rendered":"<p>O Hospital Mestre Vitalino (HMV) elaborou uma programa\u00e7\u00e3o especial para celebrar o Dia Mundial de Higiene das M\u00e3os que \u00e9&hellip;<\/p>\n","protected":false},"author":1,"featured_media":108240,"comment_status":"closed","ping_status":"open","sticky":false,"template":"","format":"standard","meta":{"footnotes":""},"categories":[14120],"tags":[28803,27410,2,28801,30454],"class_list":["post-108239","post","type-post","status-publish","format-standard","has-post-thumbnail","hentry","category-noticias","tag-blog-com-mais-visualizacoes","tag-blog-de-caruaru","tag-blog-do-edvaldo-magalhaes","tag-blog-mais-acessado","tag-confira-a-programacao-de-acoes-do-dia-mundial-de-higiene-das-maos-no-hmv"],"_links":{"self":[{"href":"https:\/\/blogdoedvaldomagalhaes.com.br\/index.php\/wp-json\/wp\/v2\/posts\/108239","targetHints":{"allow":["GET"]}}],"collection":[{"href":"https:\/\/blogdoedvaldomagalhaes.com.br\/index.php\/wp-json\/wp\/v2\/posts"}],"about":[{"href":"https:\/\/blogdoedvaldomagalhaes.com.br\/index.php\/wp-json\/wp\/v2\/types\/post"}],"author":[{"embeddable":true,"href":"https:\/\/blogdoedvaldomagalhaes.com.br\/index.php\/wp-json\/wp\/v2\/users\/1"}],"replies":[{"embeddable":true,"href":"https:\/\/blogdoedvaldomagalhaes.com.br\/index.php\/wp-json\/wp\/v2\/comments?post=108239"}],"version-history":[{"count":1,"href":"https:\/\/blogdoedvaldomagalhaes.com.br\/index.php\/wp-json\/wp\/v2\/posts\/108239\/revisions"}],"predecessor-version":[{"id":108241,"href":"https:\/\/blogdoedvaldomagalhaes.com.br\/index.php\/wp-json\/wp\/v2\/posts\/108239\/revisions\/108241"}],"wp:featuredmedia":[{"embeddable":true,"href":"https:\/\/blogdoedvaldomagalhaes.com.br\/index.php\/wp-json\/wp\/v2\/media\/108240"}],"wp:attachment":[{"href":"https:\/\/blogdoedvaldomagalhaes.com.br\/index.php\/wp-json\/wp\/v2\/media?parent=108239"}],"wp:term":[{"taxonomy":"category","embeddable":true,"href":"https:\/\/blogdoedvaldomagalhaes.com.br\/index.php\/wp-json\/wp\/v2\/categories?post=108239"},{"taxonomy":"post_tag","embeddable":true,"href":"https:\/\/blogdoedvaldomagalhaes.com.br\/index.php\/wp-json\/wp\/v2\/tags?post=108239"}],"curies":[{"name":"wp","href":"https:\/\/api.w.org\/{rel}","templated":true}]}}