{"id":108236,"date":"2024-05-08T15:59:20","date_gmt":"2024-05-08T18:59:20","guid":{"rendered":"https:\/\/blogdoedvaldomagalhaes.com.br\/?p=108236"},"modified":"2024-05-08T15:59:21","modified_gmt":"2024-05-08T18:59:21","slug":"pernambuco-garante-investimento-de-mais-de-r-400-milhoes-para-obras-atendidas-pelo-novo-pac-selecoes","status":"publish","type":"post","link":"https:\/\/blogdoedvaldomagalhaes.com.br\/index.php\/2024\/05\/08\/pernambuco-garante-investimento-de-mais-de-r-400-milhoes-para-obras-atendidas-pelo-novo-pac-selecoes\/","title":{"rendered":"Pernambuco garante investimento de mais de R$ 400 milh\u00f5es para obras atendidas pelo Novo PAC Sele\u00e7\u00f5es"},"content":{"rendered":"<p><span style=\"font-size: revert;\">Durante participa\u00e7\u00e3o na cerim\u00f4nia de divulga\u00e7\u00e3o dos resultados do Novo PAC Sele\u00e7\u00f5es, nesta quarta-feira (8), em Bras\u00edlia (DF), a governadora Raquel Lyra destacou os investimentos que o governo tem feito nas \u00e1reas de morros e encostas de Pernambuco. A gestora afirmou que todas as nove mil \u00e1reas de risco que existem no Estado t\u00eam sido mapeadas e monitoradas pela Defesa Civil estadual. Nesta nova fase do PAC, as novas cinco modalidades executadas pelo Minist\u00e9rio das Cidades somam R$ 18,3 bilh\u00f5es em investimentos: Preven\u00e7\u00e3o a Desastres Naturais: Conten\u00e7\u00e3o de Encostas; Abastecimento de \u00c1gua \u2013 Rural; Periferia Viva &#8211; Urbaniza\u00e7\u00e3o de Favelas; Regulariza\u00e7\u00e3o Fundi\u00e1ria; e Renova\u00e7\u00e3o de Frota. As obras em Pernambuco somam R$ 418 milh\u00f5es.<\/span><\/p>\n<p>&#8220;N\u00f3s apresentamos projetos da ordem de R$ 360 milh\u00f5es daquilo que \u00e9 essencial para Pernambuco, dos quais R$ 100 milh\u00f5es para morros e encostas est\u00e3o sendo contemplados pelo Novo PAC. Esse valor se soma aos investimentos que est\u00e3o sendo aplicados pelo Governo do Estado, como por exemplo em Jardim Monte Verde, em Jaboat\u00e3o dos Guararapes, que foi contemplado com R$ 60 milh\u00f5es pelo PAC e j\u00e1 tem R$ 48,9 milh\u00f5es licitados pelo Estado. Estamos comprometidos com a reestrutura\u00e7\u00e3o da Defesa Civil, mapeando as \u00e1reas de risco para garantir mais qualidade de vida \u00e0 popula\u00e7\u00e3o que vive na periferia, nos morros e encostas de Pernambuco. Agrade\u00e7o ao governo federal pela capacidade de trabalhar junto conosco para superar as desigualdades&#8221;, destacou Raquel Lyra, que prestou solidariedade ao estado do Rio Grande do Sul e a todos os ga\u00fachos afetados pelas chuvas.<\/p>\n<p>Ao todo, o Governo de Pernambuco submeteu 80 propostas para o programa: Abastecimento de \u00c1gua Rural (38); Regulariza\u00e7\u00e3o Fundi\u00e1ria (25); Preven\u00e7\u00e3o de Desastres &#8211; Conten\u00e7\u00e3o de Encostas (13); e Urbaniza\u00e7\u00e3o de Favelas (04).<\/p>\n<p>O presidente Lula afirmou que o governo federal tem atuado na quest\u00e3o ambiental. &#8220;N\u00f3s, quando anunciamos investimentos em obras nas encostas, estamos evitando que as pessoas morram em deslizamentos de terra. Assim como o financiamento em tratamento de esgoto significa cuidar da sa\u00fade e da qualidade de vida de toda a popula\u00e7\u00e3o. O desastre que tem acontecido no Rio Grande do Sul \u00e9 uma demonstra\u00e7\u00e3o de que o planeta est\u00e1 cobrando e ainda temos tempo para reverter o que temos visto por todas as regi\u00f5es do pa\u00eds&#8221;, afirmou.<\/p>\n<p>O ministro das Cidades, Jader Filho, afirmou que o Novo PAC Sele\u00e7\u00f5es tem o objetivo de melhorar a qualidade de vida na cidade e tamb\u00e9m da popula\u00e7\u00e3o que vive no campo. &#8220;Nestas novas modalidades, as sele\u00e7\u00f5es priorizaram os cen\u00e1rios adversos da emerg\u00eancia clim\u00e1tica. Pela primeira vez, estamos tratando do abastecimento de \u00e1gua rural, quest\u00e3o diretamente ligada aos eventos clim\u00e1ticos. Iremos atender as fam\u00edlias afetadas pela seca, sobretudo no Nordeste, com importantes adutoras que ir\u00e3o democratizar o acesso \u00e0 \u00e1gua tanto nos centros urbanos quanto nas \u00e1reas rurais da regi\u00e3o&#8221;, disse.<\/p>\n<p>Participaram da cerim\u00f4nia o vice-presidente da Rep\u00fablica e ministro do Desenvolvimento, Ind\u00fastria, Com\u00e9rcio e Servi\u00e7os, Geraldo Alckmin; o ministro da Secretaria-Geral da Presid\u00eancia, M\u00e1rcio Mac\u00eado; o presidente do BNDES, Aloizio Mercadante, al\u00e9m de senadores, governadores e prefeitos. <span style=\"font-size: revert;\">Foto: Ricardo Stuckert\/PR. Seja seguidor do Instagram do Blog @blogdoedvaldomagalhaes<\/span><\/p>\n","protected":false},"excerpt":{"rendered":"<p>Durante participa\u00e7\u00e3o na cerim\u00f4nia de divulga\u00e7\u00e3o dos resultados do Novo PAC Sele\u00e7\u00f5es, nesta quarta-feira (8), em Bras\u00edlia (DF), a governadora&hellip;<\/p>\n","protected":false},"author":1,"featured_media":108237,"comment_status":"closed","ping_status":"open","sticky":false,"template":"","format":"standard","meta":{"footnotes":""},"categories":[14122],"tags":[29440,27410,2,28801,30453,20,1229],"class_list":["post-108236","post","type-post","status-publish","format-standard","has-post-thumbnail","hentry","category-politica","tag-blog-com-mais-visualizacao","tag-blog-de-caruaru","tag-blog-do-edvaldo-magalhaes","tag-blog-mais-acessado","tag-pernambuco-garante-investimento-de-mais-de-r-400-milhoes-para-obras-atendidas-pelo-novo-pac-selecoes","tag-politica","tag-raquel-lyra"],"_links":{"self":[{"href":"https:\/\/blogdoedvaldomagalhaes.com.br\/index.php\/wp-json\/wp\/v2\/posts\/108236","targetHints":{"allow":["GET"]}}],"collection":[{"href":"https:\/\/blogdoedvaldomagalhaes.com.br\/index.php\/wp-json\/wp\/v2\/posts"}],"about":[{"href":"https:\/\/blogdoedvaldomagalhaes.com.br\/index.php\/wp-json\/wp\/v2\/types\/post"}],"author":[{"embeddable":true,"href":"https:\/\/blogdoedvaldomagalhaes.com.br\/index.php\/wp-json\/wp\/v2\/users\/1"}],"replies":[{"embeddable":true,"href":"https:\/\/blogdoedvaldomagalhaes.com.br\/index.php\/wp-json\/wp\/v2\/comments?post=108236"}],"version-history":[{"count":1,"href":"https:\/\/blogdoedvaldomagalhaes.com.br\/index.php\/wp-json\/wp\/v2\/posts\/108236\/revisions"}],"predecessor-version":[{"id":108238,"href":"https:\/\/blogdoedvaldomagalhaes.com.br\/index.php\/wp-json\/wp\/v2\/posts\/108236\/revisions\/108238"}],"wp:featuredmedia":[{"embeddable":true,"href":"https:\/\/blogdoedvaldomagalhaes.com.br\/index.php\/wp-json\/wp\/v2\/media\/108237"}],"wp:attachment":[{"href":"https:\/\/blogdoedvaldomagalhaes.com.br\/index.php\/wp-json\/wp\/v2\/media?parent=108236"}],"wp:term":[{"taxonomy":"category","embeddable":true,"href":"https:\/\/blogdoedvaldomagalhaes.com.br\/index.php\/wp-json\/wp\/v2\/categories?post=108236"},{"taxonomy":"post_tag","embeddable":true,"href":"https:\/\/blogdoedvaldomagalhaes.com.br\/index.php\/wp-json\/wp\/v2\/tags?post=108236"}],"curies":[{"name":"wp","href":"https:\/\/api.w.org\/{rel}","templated":true}]}}