{"id":108233,"date":"2024-05-08T12:34:25","date_gmt":"2024-05-08T15:34:25","guid":{"rendered":"https:\/\/blogdoedvaldomagalhaes.com.br\/?p=108233"},"modified":"2024-05-08T12:34:26","modified_gmt":"2024-05-08T15:34:26","slug":"em-sao-paulo-rodrigo-pinheiro-debate-cultura-nordestina-e-convida-prefeito-para-conhecer-o-maior-e-melhor-sao-joao-do-mundo","status":"publish","type":"post","link":"https:\/\/blogdoedvaldomagalhaes.com.br\/index.php\/2024\/05\/08\/em-sao-paulo-rodrigo-pinheiro-debate-cultura-nordestina-e-convida-prefeito-para-conhecer-o-maior-e-melhor-sao-joao-do-mundo\/","title":{"rendered":"Em S\u00e3o Paulo, Rodrigo Pinheiro debate cultura nordestina e convida prefeito para conhecer o maior e melhor S\u00e3o Jo\u00e3o do mundo"},"content":{"rendered":"<p>Na manh\u00e3 desta quarta-feira (08), o prefeito de Caruaru, Rodrigo Pinheiro, foi recebido pelo prefeito de S\u00e3o Paulo, Ricardo Nunes, na sede da prefeitura paulistana. No encontro, Pinheiro entregou a Nunes o convite do S\u00e3o Jo\u00e3o de Caruaru, conhecido como o maior e melhor do mundo.<\/p>\n<p>O encontro tamb\u00e9m foi marcado por uma conversa sobre a rica cultura nordestina presente na capital paulista. Durante a reuni\u00e3o, ambos os prefeitos destacaram a import\u00e2ncia da comunidade nordestina em S\u00e3o Paulo e reafirmaram o compromisso de promover e preservar suas tradi\u00e7\u00f5es culturais e os artistas que, hoje, moram em S\u00e3o Paulo, como o artista e produtor cultural, Z\u00e9 da Lua, que esteve presente na conversa.<\/p>\n<p>Pinheiro agradeceu pela recep\u00e7\u00e3o e ressaltou a import\u00e2ncia de fortalecer os la\u00e7os entre Caruaru e S\u00e3o Paulo. &#8220;\u00c9 uma honra poder compartilhar um pouco da nossa cultura e tradi\u00e7\u00e3o com os paulistanos. Esperamos todos que fazem a prefeitura de S\u00e3o Paulo no maior e melhor S\u00e3o Jo\u00e3o do mundo&#8221;, disse o prefeito de Caruaru.<br \/>\nFoto: Divulga\u00e7\u00e3o<br \/>\nSeja seguidor do Instagram do Blog @blogdoedvaldomagalhaes<\/p>\n","protected":false},"excerpt":{"rendered":"<p>Na manh\u00e3 desta quarta-feira (08), o prefeito de Caruaru, Rodrigo Pinheiro, foi recebido pelo prefeito de S\u00e3o Paulo, Ricardo Nunes,&hellip;<\/p>\n","protected":false},"author":1,"featured_media":108234,"comment_status":"closed","ping_status":"open","sticky":false,"template":"","format":"standard","meta":{"footnotes":""},"categories":[14122],"tags":[29440,27410,2,28801,560,20,30452],"class_list":["post-108233","post","type-post","status-publish","format-standard","has-post-thumbnail","hentry","category-politica","tag-blog-com-mais-visualizacao","tag-blog-de-caruaru","tag-blog-do-edvaldo-magalhaes","tag-blog-mais-acessado","tag-em-sao-paulo","tag-politica","tag-rodrigo-pinheiro-debate-cultura-nordestina-e-convida-prefeito-para-conhecer-o-maior-e-melhor-sao-joao-do-mundo"],"_links":{"self":[{"href":"https:\/\/blogdoedvaldomagalhaes.com.br\/index.php\/wp-json\/wp\/v2\/posts\/108233","targetHints":{"allow":["GET"]}}],"collection":[{"href":"https:\/\/blogdoedvaldomagalhaes.com.br\/index.php\/wp-json\/wp\/v2\/posts"}],"about":[{"href":"https:\/\/blogdoedvaldomagalhaes.com.br\/index.php\/wp-json\/wp\/v2\/types\/post"}],"author":[{"embeddable":true,"href":"https:\/\/blogdoedvaldomagalhaes.com.br\/index.php\/wp-json\/wp\/v2\/users\/1"}],"replies":[{"embeddable":true,"href":"https:\/\/blogdoedvaldomagalhaes.com.br\/index.php\/wp-json\/wp\/v2\/comments?post=108233"}],"version-history":[{"count":1,"href":"https:\/\/blogdoedvaldomagalhaes.com.br\/index.php\/wp-json\/wp\/v2\/posts\/108233\/revisions"}],"predecessor-version":[{"id":108235,"href":"https:\/\/blogdoedvaldomagalhaes.com.br\/index.php\/wp-json\/wp\/v2\/posts\/108233\/revisions\/108235"}],"wp:featuredmedia":[{"embeddable":true,"href":"https:\/\/blogdoedvaldomagalhaes.com.br\/index.php\/wp-json\/wp\/v2\/media\/108234"}],"wp:attachment":[{"href":"https:\/\/blogdoedvaldomagalhaes.com.br\/index.php\/wp-json\/wp\/v2\/media?parent=108233"}],"wp:term":[{"taxonomy":"category","embeddable":true,"href":"https:\/\/blogdoedvaldomagalhaes.com.br\/index.php\/wp-json\/wp\/v2\/categories?post=108233"},{"taxonomy":"post_tag","embeddable":true,"href":"https:\/\/blogdoedvaldomagalhaes.com.br\/index.php\/wp-json\/wp\/v2\/tags?post=108233"}],"curies":[{"name":"wp","href":"https:\/\/api.w.org\/{rel}","templated":true}]}}