{"id":108230,"date":"2024-05-08T10:28:09","date_gmt":"2024-05-08T13:28:09","guid":{"rendered":"https:\/\/blogdoedvaldomagalhaes.com.br\/?p=108230"},"modified":"2024-05-08T10:28:10","modified_gmt":"2024-05-08T13:28:10","slug":"patio-de-eventos-luiz-lua-gonzaga-e-fechado-para-circulacao-de-pedestres-durante-a-montagem-da-estrutura-do-sao-joao-2024","status":"publish","type":"post","link":"https:\/\/blogdoedvaldomagalhaes.com.br\/index.php\/2024\/05\/08\/patio-de-eventos-luiz-lua-gonzaga-e-fechado-para-circulacao-de-pedestres-durante-a-montagem-da-estrutura-do-sao-joao-2024\/","title":{"rendered":"P\u00e1tio de Eventos Luiz Lua Gonzaga \u00e9 fechado para circula\u00e7\u00e3o de pedestres durante a montagem da estrutura do S\u00e3o Jo\u00e3o 2024"},"content":{"rendered":"<p>_Decis\u00e3o foi tomada com o intuito de garantir a seguran\u00e7a das pessoas que passam diariamente pelo local_<\/p>\n<p>A Funda\u00e7\u00e3o de Cultura de Caruaru informa que o P\u00e1tio de Eventos Luiz Lua Gonzaga, a partir desta quarta-feira (8), ser\u00e1 fechado para circula\u00e7\u00e3o de pedestres durante a montagem da estrutura do Maior e Melhor S\u00e3o Jo\u00e3o do Mundo. <\/p>\n<p>A decis\u00e3o foi tomada com o objetivo de garantir a seguran\u00e7a das pessoas que passam diariamente pelo local. \u00c9 importante ressaltar que os trabalhadores que est\u00e3o atuando na montagem da estrutura manuseiam o material com os Equipamentos de Prote\u00e7\u00e3o Individual (EPIs), de forma a garantir a seguran\u00e7a deles tamb\u00e9m. <\/p>\n<p>A previs\u00e3o \u00e9 de que toda a estrutura esteja montada no dia 28 de maio, quando a circula\u00e7\u00e3o voltar\u00e1 a ser liberada para os pedestres. O S\u00e3o Jo\u00e3o, na zona urbana, ter\u00e1 in\u00edcio no dia 1\u00ba de junho com programa\u00e7\u00e3o em 14 polos totalmente gratuitos. <\/p>\n<p>\u201cCome\u00e7amos com bastante anteced\u00eancia neste ano para garantirmos que tudo esteja pronto antes do S\u00e3o Jo\u00e3o urbano come\u00e7ar. Ap\u00f3s a montagem, teremos alguns dias para ajustar a quest\u00e3o do som e da ilumina\u00e7\u00e3o, mas, com certeza, ser\u00e1 tudo um sucesso, o maior S\u00e3o Jo\u00e3o de todos os tempos\u201d, destacou o vice-presidente da Funda\u00e7\u00e3o de Cultura, M\u00e1rcio Santos.<br \/>\nFoto: Felipe Correia\/Secom\/PMC.<br \/>\nSeja seguidor do Instagram do Blog @blogdoedvaldomagalhaes<\/p>\n","protected":false},"excerpt":{"rendered":"<p>_Decis\u00e3o foi tomada com o intuito de garantir a seguran\u00e7a das pessoas que passam diariamente pelo local_ A Funda\u00e7\u00e3o de&hellip;<\/p>\n","protected":false},"author":1,"featured_media":108231,"comment_status":"closed","ping_status":"open","sticky":false,"template":"","format":"standard","meta":{"footnotes":""},"categories":[14120],"tags":[30253,29440,2,28801,30451],"class_list":["post-108230","post","type-post","status-publish","format-standard","has-post-thumbnail","hentry","category-noticias","tag-blog-caruaru","tag-blog-com-mais-visualizacao","tag-blog-do-edvaldo-magalhaes","tag-blog-mais-acessado","tag-patio-de-eventos-luiz-lua-gonzaga-e-fechado-para-circulacao-de-pedestres-durante-a-montagem-da-estrutura-do-sao-joao-2024"],"_links":{"self":[{"href":"https:\/\/blogdoedvaldomagalhaes.com.br\/index.php\/wp-json\/wp\/v2\/posts\/108230","targetHints":{"allow":["GET"]}}],"collection":[{"href":"https:\/\/blogdoedvaldomagalhaes.com.br\/index.php\/wp-json\/wp\/v2\/posts"}],"about":[{"href":"https:\/\/blogdoedvaldomagalhaes.com.br\/index.php\/wp-json\/wp\/v2\/types\/post"}],"author":[{"embeddable":true,"href":"https:\/\/blogdoedvaldomagalhaes.com.br\/index.php\/wp-json\/wp\/v2\/users\/1"}],"replies":[{"embeddable":true,"href":"https:\/\/blogdoedvaldomagalhaes.com.br\/index.php\/wp-json\/wp\/v2\/comments?post=108230"}],"version-history":[{"count":1,"href":"https:\/\/blogdoedvaldomagalhaes.com.br\/index.php\/wp-json\/wp\/v2\/posts\/108230\/revisions"}],"predecessor-version":[{"id":108232,"href":"https:\/\/blogdoedvaldomagalhaes.com.br\/index.php\/wp-json\/wp\/v2\/posts\/108230\/revisions\/108232"}],"wp:featuredmedia":[{"embeddable":true,"href":"https:\/\/blogdoedvaldomagalhaes.com.br\/index.php\/wp-json\/wp\/v2\/media\/108231"}],"wp:attachment":[{"href":"https:\/\/blogdoedvaldomagalhaes.com.br\/index.php\/wp-json\/wp\/v2\/media?parent=108230"}],"wp:term":[{"taxonomy":"category","embeddable":true,"href":"https:\/\/blogdoedvaldomagalhaes.com.br\/index.php\/wp-json\/wp\/v2\/categories?post=108230"},{"taxonomy":"post_tag","embeddable":true,"href":"https:\/\/blogdoedvaldomagalhaes.com.br\/index.php\/wp-json\/wp\/v2\/tags?post=108230"}],"curies":[{"name":"wp","href":"https:\/\/api.w.org\/{rel}","templated":true}]}}