{"id":108226,"date":"2024-05-08T08:43:14","date_gmt":"2024-05-08T11:43:14","guid":{"rendered":"https:\/\/blogdoedvaldomagalhaes.com.br\/?p=108226"},"modified":"2024-05-08T08:43:15","modified_gmt":"2024-05-08T11:43:15","slug":"caminhonete-vira-ambulancia-de-forma-irregular-e-e-apreendida-pela-prf","status":"publish","type":"post","link":"https:\/\/blogdoedvaldomagalhaes.com.br\/index.php\/2024\/05\/08\/caminhonete-vira-ambulancia-de-forma-irregular-e-e-apreendida-pela-prf\/","title":{"rendered":"Caminhonete vira ambul\u00e2ncia de forma irregular e \u00e9 apreendida pela PRF"},"content":{"rendered":"<p>_Ve\u00edculo estava com licenciamento atrasado desde 2020 e era alvo de busca e apreens\u00e3o_<\/p>\n<p>Uma caminhonete transformada de forma irregular em uma ambul\u00e2ncia foi apreendida na ter\u00e7a-feira (7), pela Pol\u00edcia Rodovi\u00e1ria Federal (PRF), na BR 101, no Recife. O ve\u00edculo apresentava pintura e sirene t\u00edpicas de um ve\u00edculo de emerg\u00eancia, mas n\u00e3o tinha autoriza\u00e7\u00e3o para circular com essas modifica\u00e7\u00f5es.<\/p>\n<p>Policiais realizavam uma fiscaliza\u00e7\u00e3o no bairro do Curado, quando deram ordem de parada \u00e0 caminhonete. Durante a abordagem, foi descoberto que o ve\u00edculo estava com o licenciamento atrasado desde 2020 e era alvo de busca e apreens\u00e3o.<\/p>\n<p>Em consulta, a equipe descobriu que a cor original da caminhonete era branca e o motorista n\u00e3o poderia prestar o servi\u00e7o de atendimento de emerg\u00eancia com o ve\u00edculo.<\/p>\n<p>O condutor foi autuado pelas irregularidades e o ve\u00edculo foi recolhido ao p\u00e1tio, para ser entregue \u00e0 justi\u00e7a.<br \/>\nFoto: Divulga\u00e7\u00e3o\/PRF<br \/>\nSeja seguidor do Instagram do Blog @blogdoedvaldomagalhaes<\/p>\n","protected":false},"excerpt":{"rendered":"<p>_Ve\u00edculo estava com licenciamento atrasado desde 2020 e era alvo de busca e apreens\u00e3o_ Uma caminhonete transformada de forma irregular&hellip;<\/p>\n","protected":false},"author":1,"featured_media":108228,"comment_status":"closed","ping_status":"open","sticky":false,"template":"","format":"standard","meta":{"footnotes":""},"categories":[14121],"tags":[29440,27410,2,28801,30450],"class_list":["post-108226","post","type-post","status-publish","format-standard","has-post-thumbnail","hentry","category-policial","tag-blog-com-mais-visualizacao","tag-blog-de-caruaru","tag-blog-do-edvaldo-magalhaes","tag-blog-mais-acessado","tag-caminhonete-vira-ambulancia-de-forma-irregular-e-e-apreendida-pela-prf-no-recife"],"_links":{"self":[{"href":"https:\/\/blogdoedvaldomagalhaes.com.br\/index.php\/wp-json\/wp\/v2\/posts\/108226","targetHints":{"allow":["GET"]}}],"collection":[{"href":"https:\/\/blogdoedvaldomagalhaes.com.br\/index.php\/wp-json\/wp\/v2\/posts"}],"about":[{"href":"https:\/\/blogdoedvaldomagalhaes.com.br\/index.php\/wp-json\/wp\/v2\/types\/post"}],"author":[{"embeddable":true,"href":"https:\/\/blogdoedvaldomagalhaes.com.br\/index.php\/wp-json\/wp\/v2\/users\/1"}],"replies":[{"embeddable":true,"href":"https:\/\/blogdoedvaldomagalhaes.com.br\/index.php\/wp-json\/wp\/v2\/comments?post=108226"}],"version-history":[{"count":1,"href":"https:\/\/blogdoedvaldomagalhaes.com.br\/index.php\/wp-json\/wp\/v2\/posts\/108226\/revisions"}],"predecessor-version":[{"id":108229,"href":"https:\/\/blogdoedvaldomagalhaes.com.br\/index.php\/wp-json\/wp\/v2\/posts\/108226\/revisions\/108229"}],"wp:featuredmedia":[{"embeddable":true,"href":"https:\/\/blogdoedvaldomagalhaes.com.br\/index.php\/wp-json\/wp\/v2\/media\/108228"}],"wp:attachment":[{"href":"https:\/\/blogdoedvaldomagalhaes.com.br\/index.php\/wp-json\/wp\/v2\/media?parent=108226"}],"wp:term":[{"taxonomy":"category","embeddable":true,"href":"https:\/\/blogdoedvaldomagalhaes.com.br\/index.php\/wp-json\/wp\/v2\/categories?post=108226"},{"taxonomy":"post_tag","embeddable":true,"href":"https:\/\/blogdoedvaldomagalhaes.com.br\/index.php\/wp-json\/wp\/v2\/tags?post=108226"}],"curies":[{"name":"wp","href":"https:\/\/api.w.org\/{rel}","templated":true}]}}