{"id":108223,"date":"2024-05-08T08:35:15","date_gmt":"2024-05-08T11:35:15","guid":{"rendered":"https:\/\/blogdoedvaldomagalhaes.com.br\/?p=108223"},"modified":"2024-05-08T08:38:05","modified_gmt":"2024-05-08T11:38:05","slug":"caminhao-capota-e-motorista-fica-preso-as-ferragens","status":"publish","type":"post","link":"https:\/\/blogdoedvaldomagalhaes.com.br\/index.php\/2024\/05\/08\/caminhao-capota-e-motorista-fica-preso-as-ferragens\/","title":{"rendered":"Caminh\u00e3o capota e motorista fica preso \u00e0s ferragens"},"content":{"rendered":"<p>Por volta das 5h30, a PRF foi acionada para atender um sinistro no km 88 da BR 101, em Jaboat\u00e3o dos Guararapes, sentido Cabo de Santo Agostinho.<\/p>\n<p>O motorista de um caminh\u00e3o perdeu o controle do ve\u00edculo, saiu da pista e capotou.<\/p>\n<p>Ele ficou preso \u00e0s ferragens, foi retirado pelo Corpo de Bombeiros e encaminhado \u00e0 uma unidade de sa\u00fade.<\/p>\n<p>A rodovia est\u00e1 parcialmente interditada, com uma faixa livre para circula\u00e7\u00e3o.<br \/>\nFoto: Divulga\u00e7\u00e3o.<br \/>\nSeja seguidor do Instagram do Blog @blogdoedvaldomagalhaes<\/p>\n","protected":false},"excerpt":{"rendered":"<p>Por volta das 5h30, a PRF foi acionada para atender um sinistro no km 88 da BR 101, em Jaboat\u00e3o&hellip;<\/p>\n","protected":false},"author":1,"featured_media":108224,"comment_status":"closed","ping_status":"open","sticky":false,"template":"","format":"standard","meta":{"footnotes":""},"categories":[14120],"tags":[29440,27410,2,28801,30449],"class_list":["post-108223","post","type-post","status-publish","format-standard","has-post-thumbnail","hentry","category-noticias","tag-blog-com-mais-visualizacao","tag-blog-de-caruaru","tag-blog-do-edvaldo-magalhaes","tag-blog-mais-acessado","tag-caminhao-capota-e-motorista-fica-preso-as-ferragens"],"_links":{"self":[{"href":"https:\/\/blogdoedvaldomagalhaes.com.br\/index.php\/wp-json\/wp\/v2\/posts\/108223","targetHints":{"allow":["GET"]}}],"collection":[{"href":"https:\/\/blogdoedvaldomagalhaes.com.br\/index.php\/wp-json\/wp\/v2\/posts"}],"about":[{"href":"https:\/\/blogdoedvaldomagalhaes.com.br\/index.php\/wp-json\/wp\/v2\/types\/post"}],"author":[{"embeddable":true,"href":"https:\/\/blogdoedvaldomagalhaes.com.br\/index.php\/wp-json\/wp\/v2\/users\/1"}],"replies":[{"embeddable":true,"href":"https:\/\/blogdoedvaldomagalhaes.com.br\/index.php\/wp-json\/wp\/v2\/comments?post=108223"}],"version-history":[{"count":1,"href":"https:\/\/blogdoedvaldomagalhaes.com.br\/index.php\/wp-json\/wp\/v2\/posts\/108223\/revisions"}],"predecessor-version":[{"id":108225,"href":"https:\/\/blogdoedvaldomagalhaes.com.br\/index.php\/wp-json\/wp\/v2\/posts\/108223\/revisions\/108225"}],"wp:featuredmedia":[{"embeddable":true,"href":"https:\/\/blogdoedvaldomagalhaes.com.br\/index.php\/wp-json\/wp\/v2\/media\/108224"}],"wp:attachment":[{"href":"https:\/\/blogdoedvaldomagalhaes.com.br\/index.php\/wp-json\/wp\/v2\/media?parent=108223"}],"wp:term":[{"taxonomy":"category","embeddable":true,"href":"https:\/\/blogdoedvaldomagalhaes.com.br\/index.php\/wp-json\/wp\/v2\/categories?post=108223"},{"taxonomy":"post_tag","embeddable":true,"href":"https:\/\/blogdoedvaldomagalhaes.com.br\/index.php\/wp-json\/wp\/v2\/tags?post=108223"}],"curies":[{"name":"wp","href":"https:\/\/api.w.org\/{rel}","templated":true}]}}