{"id":108218,"date":"2024-05-07T21:25:37","date_gmt":"2024-05-08T00:25:37","guid":{"rendered":"https:\/\/blogdoedvaldomagalhaes.com.br\/?p=108218"},"modified":"2024-05-07T21:30:42","modified_gmt":"2024-05-08T00:30:42","slug":"mudancas-no-transito-no-entorno-do-patio-de-eventos-para-montagem-da-estrutura-do-sao-joao-de-caruaru","status":"publish","type":"post","link":"https:\/\/blogdoedvaldomagalhaes.com.br\/index.php\/2024\/05\/07\/mudancas-no-transito-no-entorno-do-patio-de-eventos-para-montagem-da-estrutura-do-sao-joao-de-caruaru\/","title":{"rendered":"Mudan\u00e7as no tr\u00e2nsito no entorno do P\u00e1tio de Eventos para montagem da estrutura do S\u00e3o Jo\u00e3o de Caruaru"},"content":{"rendered":"<p>A Autarquia de Mobilidade, Tr\u00e2nsito e Transporte de Caruaru (AMTTC) informa que, a partir desta quarta-feira (08), a rua Manoel Surubim ter\u00e1 sentido de circula\u00e7\u00e3o invertido. A mudan\u00e7a se faz necess\u00e1rio pelo fechamento da rua Agnelo Dias Vidal, para montagem da estrutura do Maior e Melhor S\u00e3o Jo\u00e3o do Mundo. <\/p>\n<p>O fluxo de ve\u00edculos que antes seguia pela rua Agnelo Dias Vidal, passar\u00e1 a ser desviado pela rua Manoel Surubim, sentido Centro\/Sub\u00farbio. Para os condutores que acessavam a Manoel Surubim sentido Sub\u00farbio\/Centro, o fluxo ser\u00e1 desviado pela rua Jo\u00e3o Tavares e Belmiro Pereira. A altera\u00e7\u00e3o no fluxo de ve\u00edculos do local ficar\u00e1 em vigor at\u00e9 o fim do S\u00e3o Jo\u00e3o de Caruaru.<\/p>\n","protected":false},"excerpt":{"rendered":"<p>A Autarquia de Mobilidade, Tr\u00e2nsito e Transporte de Caruaru (AMTTC) informa que, a partir desta quarta-feira (08), a rua Manoel&hellip;<\/p>\n","protected":false},"author":1,"featured_media":108220,"comment_status":"closed","ping_status":"open","sticky":false,"template":"","format":"standard","meta":{"footnotes":""},"categories":[14120],"tags":[29440,27410,2,28801,30448],"class_list":["post-108218","post","type-post","status-publish","format-standard","has-post-thumbnail","hentry","category-noticias","tag-blog-com-mais-visualizacao","tag-blog-de-caruaru","tag-blog-do-edvaldo-magalhaes","tag-blog-mais-acessado","tag-mudancas-no-transito-no-entorno-do-patio-de-eventos-para-montagem-da-estrutura-do-sao-joao-de-caruaru"],"_links":{"self":[{"href":"https:\/\/blogdoedvaldomagalhaes.com.br\/index.php\/wp-json\/wp\/v2\/posts\/108218","targetHints":{"allow":["GET"]}}],"collection":[{"href":"https:\/\/blogdoedvaldomagalhaes.com.br\/index.php\/wp-json\/wp\/v2\/posts"}],"about":[{"href":"https:\/\/blogdoedvaldomagalhaes.com.br\/index.php\/wp-json\/wp\/v2\/types\/post"}],"author":[{"embeddable":true,"href":"https:\/\/blogdoedvaldomagalhaes.com.br\/index.php\/wp-json\/wp\/v2\/users\/1"}],"replies":[{"embeddable":true,"href":"https:\/\/blogdoedvaldomagalhaes.com.br\/index.php\/wp-json\/wp\/v2\/comments?post=108218"}],"version-history":[{"count":1,"href":"https:\/\/blogdoedvaldomagalhaes.com.br\/index.php\/wp-json\/wp\/v2\/posts\/108218\/revisions"}],"predecessor-version":[{"id":108219,"href":"https:\/\/blogdoedvaldomagalhaes.com.br\/index.php\/wp-json\/wp\/v2\/posts\/108218\/revisions\/108219"}],"wp:featuredmedia":[{"embeddable":true,"href":"https:\/\/blogdoedvaldomagalhaes.com.br\/index.php\/wp-json\/wp\/v2\/media\/108220"}],"wp:attachment":[{"href":"https:\/\/blogdoedvaldomagalhaes.com.br\/index.php\/wp-json\/wp\/v2\/media?parent=108218"}],"wp:term":[{"taxonomy":"category","embeddable":true,"href":"https:\/\/blogdoedvaldomagalhaes.com.br\/index.php\/wp-json\/wp\/v2\/categories?post=108218"},{"taxonomy":"post_tag","embeddable":true,"href":"https:\/\/blogdoedvaldomagalhaes.com.br\/index.php\/wp-json\/wp\/v2\/tags?post=108218"}],"curies":[{"name":"wp","href":"https:\/\/api.w.org\/{rel}","templated":true}]}}