{"id":108210,"date":"2024-05-07T21:04:41","date_gmt":"2024-05-08T00:04:41","guid":{"rendered":"https:\/\/blogdoedvaldomagalhaes.com.br\/?p=108210"},"modified":"2024-05-07T21:10:32","modified_gmt":"2024-05-08T00:10:32","slug":"segunda-edicao-do-maes-no-monte-em-celebracao-ao-dia-das-maes-em-caruaru","status":"publish","type":"post","link":"https:\/\/blogdoedvaldomagalhaes.com.br\/index.php\/2024\/05\/07\/segunda-edicao-do-maes-no-monte-em-celebracao-ao-dia-das-maes-em-caruaru\/","title":{"rendered":"Segunda edi\u00e7\u00e3o do &#8220;M\u00e3es no Monte&#8221; em celebra\u00e7\u00e3o ao Dia das M\u00e3es em Caruaru"},"content":{"rendered":"<p>A Prefeitura de Caruaru, em parceria com a Secretaria de Pol\u00edticas para Mulheres, Sa\u00fade, e Desenvolvimento Social e Direitos Humanos, promove, nesta quarta-feira (08), a segunda edi\u00e7\u00e3o do &#8220;M\u00e3es no Monte&#8221; em celebra\u00e7\u00e3o ao Dia das M\u00e3es. O evento ser\u00e1 realizado no Monte Bom Jesus, das 15h \u00e0s 18h.<\/p>\n<p>A a\u00e7\u00e3o \u00e9 aberta ao p\u00fablico e visa disponibilizar diversos servi\u00e7os, dentre eles: orienta\u00e7\u00f5es sobre sa\u00fade e qualidade de vida, assist\u00eancia jur\u00eddica, al\u00e9m de a\u00e7\u00f5es culturais e esportivas para todas as mulheres e a popula\u00e7\u00e3o em geral.<\/p>\n<p>Informa\u00e7\u00f5es:<\/p>\n<p>Data: quarta-feira, 08 de maio de 2024<br \/>\nHor\u00e1rio: 15h \u00e0s 18h<br \/>\nLocal: Monte Bom Jesus, Caruaru &#8211; PE.<br \/>\nSeja seguidor do Instagram do Blog @blogdoedvaldomagalhaes<\/p>\n<p><img loading=\"lazy\" decoding=\"async\" src=\"https:\/\/blogdoedvaldomagalhaes.com.br\/wp-content\/uploads\/2024\/05\/img-20240507-wa02018363718331497673097.jpg\" class=\"wp-image-108213 alignnone size-full\" width=\"1600\" height=\"1600\" srcset=\"https:\/\/blogdoedvaldomagalhaes.com.br\/wp-content\/uploads\/2024\/05\/img-20240507-wa02018363718331497673097.jpg 1600w, https:\/\/blogdoedvaldomagalhaes.com.br\/wp-content\/uploads\/2024\/05\/img-20240507-wa02018363718331497673097-300x300.jpg 300w, https:\/\/blogdoedvaldomagalhaes.com.br\/wp-content\/uploads\/2024\/05\/img-20240507-wa02018363718331497673097-1024x1024.jpg 1024w, https:\/\/blogdoedvaldomagalhaes.com.br\/wp-content\/uploads\/2024\/05\/img-20240507-wa02018363718331497673097-150x150.jpg 150w, https:\/\/blogdoedvaldomagalhaes.com.br\/wp-content\/uploads\/2024\/05\/img-20240507-wa02018363718331497673097-768x768.jpg 768w, https:\/\/blogdoedvaldomagalhaes.com.br\/wp-content\/uploads\/2024\/05\/img-20240507-wa02018363718331497673097-1536x1536.jpg 1536w\" sizes=\"auto, (max-width: 1600px) 100vw, 1600px\" \/><\/p>\n","protected":false},"excerpt":{"rendered":"<p>A Prefeitura de Caruaru, em parceria com a Secretaria de Pol\u00edticas para Mulheres, Sa\u00fade, e Desenvolvimento Social e Direitos Humanos,&hellip;<\/p>\n","protected":false},"author":1,"featured_media":108211,"comment_status":"closed","ping_status":"open","sticky":false,"template":"","format":"standard","meta":{"footnotes":""},"categories":[14120],"tags":[29440,27410,2,28801,3406,30445],"class_list":["post-108210","post","type-post","status-publish","format-standard","has-post-thumbnail","hentry","category-noticias","tag-blog-com-mais-visualizacao","tag-blog-de-caruaru","tag-blog-do-edvaldo-magalhaes","tag-blog-mais-acessado","tag-caruaru","tag-egunda-edicao-do-maes-no-monte-em-celebracao-ao-dia-das-maes-em-caruaru"],"_links":{"self":[{"href":"https:\/\/blogdoedvaldomagalhaes.com.br\/index.php\/wp-json\/wp\/v2\/posts\/108210","targetHints":{"allow":["GET"]}}],"collection":[{"href":"https:\/\/blogdoedvaldomagalhaes.com.br\/index.php\/wp-json\/wp\/v2\/posts"}],"about":[{"href":"https:\/\/blogdoedvaldomagalhaes.com.br\/index.php\/wp-json\/wp\/v2\/types\/post"}],"author":[{"embeddable":true,"href":"https:\/\/blogdoedvaldomagalhaes.com.br\/index.php\/wp-json\/wp\/v2\/users\/1"}],"replies":[{"embeddable":true,"href":"https:\/\/blogdoedvaldomagalhaes.com.br\/index.php\/wp-json\/wp\/v2\/comments?post=108210"}],"version-history":[{"count":2,"href":"https:\/\/blogdoedvaldomagalhaes.com.br\/index.php\/wp-json\/wp\/v2\/posts\/108210\/revisions"}],"predecessor-version":[{"id":108214,"href":"https:\/\/blogdoedvaldomagalhaes.com.br\/index.php\/wp-json\/wp\/v2\/posts\/108210\/revisions\/108214"}],"wp:featuredmedia":[{"embeddable":true,"href":"https:\/\/blogdoedvaldomagalhaes.com.br\/index.php\/wp-json\/wp\/v2\/media\/108211"}],"wp:attachment":[{"href":"https:\/\/blogdoedvaldomagalhaes.com.br\/index.php\/wp-json\/wp\/v2\/media?parent=108210"}],"wp:term":[{"taxonomy":"category","embeddable":true,"href":"https:\/\/blogdoedvaldomagalhaes.com.br\/index.php\/wp-json\/wp\/v2\/categories?post=108210"},{"taxonomy":"post_tag","embeddable":true,"href":"https:\/\/blogdoedvaldomagalhaes.com.br\/index.php\/wp-json\/wp\/v2\/tags?post=108210"}],"curies":[{"name":"wp","href":"https:\/\/api.w.org\/{rel}","templated":true}]}}