{"id":108207,"date":"2024-05-07T20:33:54","date_gmt":"2024-05-07T23:33:54","guid":{"rendered":"https:\/\/blogdoedvaldomagalhaes.com.br\/?p=108207"},"modified":"2024-05-07T20:58:46","modified_gmt":"2024-05-07T23:58:46","slug":"projeto-do-governo-e-aprovado-na-alepe-e-pernambuco-vai-extinguir-faixas-salariais-da-policia-militar-e-do-corpo-de-bombeiros","status":"publish","type":"post","link":"https:\/\/blogdoedvaldomagalhaes.com.br\/index.php\/2024\/05\/07\/projeto-do-governo-e-aprovado-na-alepe-e-pernambuco-vai-extinguir-faixas-salariais-da-policia-militar-e-do-corpo-de-bombeiros\/","title":{"rendered":"Projeto do Governo \u00e9 aprovado na Alepe e Pernambuco vai extinguir faixas salariais da Pol\u00edcia Militar e do Corpo de Bombeiros"},"content":{"rendered":"<p>_Projeto de lei apresentado pelo Governo do Estado foi aprovado em plen\u00e1rio na Assembleia Legislativa por 41 votos a 1_<\/p>\n<p>Apresentado pela governadora Raquel Lyra como uma das medidas do programa Juntos Pela Seguran\u00e7a, o projeto de lei n\u00famero 1671 foi aprovado na tarde desta ter\u00e7a-feira (7),  em vota\u00e7\u00e3o no plen\u00e1rio da Assembleia Legislativa de Pernambuco (Alepe). De acordo com o projeto, o compromisso \u00e9 extinguir as faixas e reajustar o valor dos soldos. No soldo inicial para a base da carreira (soldados da faixa &#8220;A&#8221;), passar\u00e1, j\u00e1 no pr\u00f3ximo m\u00eas, de R$ 3.419,88 para R$ 4.406,41. A partir de 2026, quando se conclui o processo de extin\u00e7\u00e3o das faixas, o valor inicial da carreira em Pernambuco passar\u00e1 a ser de R$ 5.617,92.<\/p>\n<p>&#8220;A Assembleia Legislativa de Pernambuco aprovou, nos dois turnos, por 41 votos a 1, o projeto de lei que extingue as faixas salariais e reestrutura as carreiras militares em Pernambuco. A gente estava muito confiante nessa vit\u00f3ria, porque trabalhamos mais de um ano para conseguir apresentar o melhor projeto. T\u00ednhamos certeza que, ao final de tudo, contar\u00edamos com a imensa maioria da Assembleia Legislativa de Pernambuco. Ganham a Pol\u00edcia Militar e o Corpo de Bombeiros Militar de Pernambuco, dentro do nosso compromisso, atrav\u00e9s do Juntos Pela Seguran\u00e7a, de fortalecer as nossas for\u00e7as operacionais de pol\u00edcia\u201d, destacou a governadora Raquel Lyra. <\/p>\n<p>O projeto de lei das faixas salariais \u00e9 um pleito antigo dos policiais e bombeiros e foi enviado para a Alepe pela governadora em mar\u00e7o deste ano. A iniciativa prev\u00ea a extin\u00e7\u00e3o progressiva das faixas, entre junho de 2024 e junho de 2026, com aumento significativo do sal\u00e1rio m\u00e9dio da Pol\u00edcia Militar e do Corpo de Bombeiros. <\/p>\n<p>Ao apresentar o projeto, o Governo do Estado levou em considera\u00e7\u00e3o o caixa estadual para conseguir viabilizar, com responsabilidade e transpar\u00eancia, o efetivo fim das faixas salariais.<\/p>\n<p>*CONCURSOS* &#8211; No fim de abril, o Governo do Estado divulgou o edital do concurso da Pol\u00edcia Cient\u00edfica de Pernambuco, com 213 vagas. Desse total, 77 s\u00e3o para o cargo de agente de medicina legal, 60 para m\u00e9dico legista e 77 para perito criminal. As inscri\u00e7\u00f5es podem ser feitas at\u00e9 3 de junho. Al\u00e9m desse concurso, a gest\u00e3o estadual j\u00e1 realizou concursos para preenchimento de 5.250 vagas para a Pol\u00edcia Militar e 660 vagas para o Corpo de Bombeiros. O concurso da Pol\u00edcia Civil, cujas provas tamb\u00e9m j\u00e1 foram realizadas, prev\u00ea 445 vagas, que podem chegar ao dobro de acordo com o aditivo ao edital publicado posteriormente.<br \/>\nFotos: Hes\u00edodo G\u00f3es\/Secom.<br \/>\nSeja seguidor do Instagram do Blog @blogdoedvaldomagalhaes<\/p>\n","protected":false},"excerpt":{"rendered":"<p>_Projeto de lei apresentado pelo Governo do Estado foi aprovado em plen\u00e1rio na Assembleia Legislativa por 41 votos a 1_&hellip;<\/p>\n","protected":false},"author":1,"featured_media":108208,"comment_status":"closed","ping_status":"open","sticky":false,"template":"","format":"standard","meta":{"footnotes":""},"categories":[14122],"tags":[29440,27410,2,28801,20,30444,1229],"class_list":["post-108207","post","type-post","status-publish","format-standard","has-post-thumbnail","hentry","category-politica","tag-blog-com-mais-visualizacao","tag-blog-de-caruaru","tag-blog-do-edvaldo-magalhaes","tag-blog-mais-acessado","tag-politica","tag-projeto-do-governo-e-aprovado-na-alepe-e-pernambuco-vai-extinguir-faixas-salariais-da-policia-militar-e-do-corpo-de-bombeiros","tag-raquel-lyra"],"_links":{"self":[{"href":"https:\/\/blogdoedvaldomagalhaes.com.br\/index.php\/wp-json\/wp\/v2\/posts\/108207","targetHints":{"allow":["GET"]}}],"collection":[{"href":"https:\/\/blogdoedvaldomagalhaes.com.br\/index.php\/wp-json\/wp\/v2\/posts"}],"about":[{"href":"https:\/\/blogdoedvaldomagalhaes.com.br\/index.php\/wp-json\/wp\/v2\/types\/post"}],"author":[{"embeddable":true,"href":"https:\/\/blogdoedvaldomagalhaes.com.br\/index.php\/wp-json\/wp\/v2\/users\/1"}],"replies":[{"embeddable":true,"href":"https:\/\/blogdoedvaldomagalhaes.com.br\/index.php\/wp-json\/wp\/v2\/comments?post=108207"}],"version-history":[{"count":1,"href":"https:\/\/blogdoedvaldomagalhaes.com.br\/index.php\/wp-json\/wp\/v2\/posts\/108207\/revisions"}],"predecessor-version":[{"id":108209,"href":"https:\/\/blogdoedvaldomagalhaes.com.br\/index.php\/wp-json\/wp\/v2\/posts\/108207\/revisions\/108209"}],"wp:featuredmedia":[{"embeddable":true,"href":"https:\/\/blogdoedvaldomagalhaes.com.br\/index.php\/wp-json\/wp\/v2\/media\/108208"}],"wp:attachment":[{"href":"https:\/\/blogdoedvaldomagalhaes.com.br\/index.php\/wp-json\/wp\/v2\/media?parent=108207"}],"wp:term":[{"taxonomy":"category","embeddable":true,"href":"https:\/\/blogdoedvaldomagalhaes.com.br\/index.php\/wp-json\/wp\/v2\/categories?post=108207"},{"taxonomy":"post_tag","embeddable":true,"href":"https:\/\/blogdoedvaldomagalhaes.com.br\/index.php\/wp-json\/wp\/v2\/tags?post=108207"}],"curies":[{"name":"wp","href":"https:\/\/api.w.org\/{rel}","templated":true}]}}