{"id":108204,"date":"2024-05-07T19:16:25","date_gmt":"2024-05-07T22:16:25","guid":{"rendered":"https:\/\/blogdoedvaldomagalhaes.com.br\/?p=108204"},"modified":"2024-05-07T19:16:26","modified_gmt":"2024-05-07T22:16:26","slug":"nota-de-esclarecimento-sobre-a-situacao-do-lar-sacerdotal-e-do-monsenhor-guilherme-gomes","status":"publish","type":"post","link":"https:\/\/blogdoedvaldomagalhaes.com.br\/index.php\/2024\/05\/07\/nota-de-esclarecimento-sobre-a-situacao-do-lar-sacerdotal-e-do-monsenhor-guilherme-gomes\/","title":{"rendered":"Nota de esclarecimento sobre a situa\u00e7\u00e3o do Lar Sacerdotal e do Monsenhor Guilherme Gomes"},"content":{"rendered":"<p>NOTA \u00c0 IMPRENSA &#8211; DIOCESE DE CARUARU<\/p>\n<p>Caruaru, 7 de maio de 2024 &#8211; A Diocese de Caruaru, por meio desta nota, vem a p\u00fablico esclarecer a situa\u00e7\u00e3o do Lar Sacerdotal e do Monsenhor Guilherme Gomes da Silva, em resposta \u00e0s recentes especula\u00e7\u00f5es na m\u00eddia. O objetivo desta nota \u00e9 apresentar os fatos de forma transparente e aut\u00eantica, garantindo a dignidade e o respeito ao Monsenhor Guilherme e a todos os nossos sacerdotes.<\/p>\n<p>O Lar Sacerdotal, uma institui\u00e7\u00e3o dedicada ao cuidado e amparo dos padres anci\u00e3os da Diocese, \u00e9 ref\u00fagio de conforto e apoio para aqueles que dedicaram suas vidas ao servi\u00e7o religioso. Inaugurado em 31 de janeiro de 2023, o pr\u00e9dio teve investimento de R$ 1.200.000,00 (Um Milh\u00e3o e Duzentos Mil Reais). Com instala\u00e7\u00f5es adequadas e cuidadores 24h, o Lar visa proporcionar um ambiente digno e prop\u00edcio para o bem-estar dos nossos sacerdotes idosos.  Constru\u00eddo anexo ao Semin\u00e1rio Diocesano Nossa Senhora das Dores, foi pensado para que os sacerdotes tenham contato constante com os jovens seminaristas e tenham uma ampla conviv\u00eancia social. O Lar possui sala de conviv\u00eancia, su\u00edtes privativas com salas pr\u00f3prias, cozinha, sala de fisioterapia, sala para pilates, ambiente climatizado e \u00e1rea externa.<\/p>\n<p>Dos Fatos:<\/p>\n<p>Durante a pandemia, final de 2020 e in\u00edcio de 2021, foi trazida ao conhecimento da Diocese a situa\u00e7\u00e3o do Monsenhor Guilherme Gomes da Silva, 87 anos, residente em Malhada de Pedras. Sa\u00fade debilitada, ambiente insalubre, al\u00e9m de viver constantemente amedrontado e pressionado a assumir d\u00edvidas alheias (situa\u00e7\u00e3o conhecida amplamente pela comunidade local, mas sempre negada por ele, para proteger as pessoas implicadas).<\/p>\n<p>Diante das v\u00e1rias comunica\u00e7\u00f5es de pessoas que temiam pelo sacerdote, o atual bispo, ap\u00f3s averigua\u00e7\u00e3o feita por v\u00e1rios sacerdotes, decidiu intervir, e com o consentimento do idoso, trouxe-o para residir no semin\u00e1rio diocesano, antes mesmo que o Lar Sacerdotal fosse conclu\u00eddo. O cuidado com a sa\u00fade f\u00edsica, espiritual e mental do referido sacerdote \u00e9 uma prioridade.<\/p>\n<p>Inicialmente, e isso se deve \u00e0 situa\u00e7\u00e3o de sua sa\u00fade f\u00edsica e mental fragilizadas, o idoso sempre foi agradecido e contente com o novo modo de viver. Por\u00e9m, \u00e0 medida que se fortalecia e voltava a ter alegria e for\u00e7a, come\u00e7ou a demonstrar algumas insatisfa\u00e7\u00f5es e altera\u00e7\u00f5es de comportamento; percorrendo suas mem\u00f3rias, compreendemos que a falta do exerc\u00edcio pastoral paroquial tem gerado alguns desconfortos a ele, o agravamento das oscila\u00e7\u00f5es de humor deve-se, tamb\u00e9m, \u00e0 impossibilidade de voltar a enxergar, pois o referido sacerdote \u00e9 cego.<\/p>\n<p>Em rela\u00e7\u00e3o \u00e0s recentes alega\u00e7\u00f5es veiculadas na imprensa, a Diocese esclarece que houve um mal-entendido quanto \u00e0 situa\u00e7\u00e3o dos livros pertencentes ao Monsenhor Guilherme. Devido ao estado insalubre de manuseio desses livros, que est\u00e3o deteriorados e impr\u00f3prios para uso humano, foi necess\u00e1rio armazen\u00e1-los em um ambiente apropriado, visando preservar a sa\u00fade do pr\u00f3prio Monsenhor. H\u00e1 livros totalmente apodrecidos, mas optou-se pela conserva\u00e7\u00e3o de todos, j\u00e1 que a biblioteca come\u00e7ou a ser mencionada constantemente pelo idoso.<\/p>\n<p>Quanto \u00e0s quest\u00f5es disciplinares mencionadas, o Bispo, em sua autoridade e dever pastoral, agiu no melhor interesse da preserva\u00e7\u00e3o do estado psicol\u00f3gico do Monsenhor Guilherme, buscando orient\u00e1-lo e corrigi-lo da maneira mais compassiva poss\u00edvel, como um pai que corrige seu filho com amor e preocupa\u00e7\u00e3o pelo seu bem-estar. Antes da interven\u00e7\u00e3o do Bispo, o reitor do semin\u00e1rio, o representante do clero, a dire\u00e7\u00e3o do Lar Sacerdotal e outros sacerdotes, reiteradamente, negaram ao sacerdote idoso a possibilidade de tais livros serem levados para o seu quarto, por\u00e9m todos est\u00e3o preservados em uma sala.<\/p>\n<p>Esclarecemos, tamb\u00e9m, que diante da repercuss\u00e3o na m\u00eddia, a diocese de Caruaru enviou um representante ao Conselho Municipal da Pessoa Idosa para apresentar o caso e solicitar do destinto \u00f3rg\u00e3o visita e averigua\u00e7\u00e3o dos fatos, a fim de que, em nome da verdade, tudo seja esclarecido.  A visita j\u00e1 aconteceu hoje, dia 07 de maio, \u00e0s 14h.<\/p>\n<p>Por fim, o Monsenhor Guilherme, em reuni\u00e3o com o Vig\u00e1rio Geral, lamentou profundamente que a carta interna &#8211;  carta, ali\u00e1s, redigida por outra pessoa que imprimiu o seu pr\u00f3prio car\u00e1ter, mas do que as palavras e inten\u00e7\u00e3o do idoso &#8211;  destinada ao col\u00e9gio de consultores tenha sido indevidamente divulgada pela imprensa, causando mal-entendidos e desconforto ao nosso estimado sacerdote e ao Bispo Diocesano.<\/p>\n<p>Reiteramos nosso compromisso em garantir a privacidade e o respeito aos nossos membros do clero, e tomaremos as medidas necess\u00e1rias para evitar que situa\u00e7\u00f5es semelhantes ocorram no futuro.<\/p>\n<p>A Diocese de Caruaru est\u00e1 comprometida com o bem-estar e a dignidade de todos. Continuar\u00e1 a oferecer todo o apoio necess\u00e1rio ao Monsenhor Guilherme e a todos os sacerdotes idosos que serviram fielmente \u00e0 nossa comunidade.<\/p>\n<p>Assessoria de Comunica\u00e7\u00e3o da Diocese de Caruaru.<br \/>\nSeja seguidor do Instagram do Blog @blogdoedvaldomagalhaes<\/p>\n","protected":false},"excerpt":{"rendered":"<p>NOTA \u00c0 IMPRENSA &#8211; DIOCESE DE CARUARU Caruaru, 7 de maio de 2024 &#8211; A Diocese de Caruaru, por meio&hellip;<\/p>\n","protected":false},"author":1,"featured_media":108205,"comment_status":"closed","ping_status":"open","sticky":false,"template":"","format":"standard","meta":{"footnotes":""},"categories":[14120],"tags":[29440,27410,13146,28801,3406,30443],"class_list":["post-108204","post","type-post","status-publish","format-standard","has-post-thumbnail","hentry","category-noticias","tag-blog-com-mais-visualizacao","tag-blog-de-caruaru","tag-blog-edvaldo-magalhaes","tag-blog-mais-acessado","tag-caruaru","tag-nota-de-esclarecimento-sobre-a-situacao-do-lar-sacerdotal-e-do-monsenhor-guilherme-gomes"],"_links":{"self":[{"href":"https:\/\/blogdoedvaldomagalhaes.com.br\/index.php\/wp-json\/wp\/v2\/posts\/108204","targetHints":{"allow":["GET"]}}],"collection":[{"href":"https:\/\/blogdoedvaldomagalhaes.com.br\/index.php\/wp-json\/wp\/v2\/posts"}],"about":[{"href":"https:\/\/blogdoedvaldomagalhaes.com.br\/index.php\/wp-json\/wp\/v2\/types\/post"}],"author":[{"embeddable":true,"href":"https:\/\/blogdoedvaldomagalhaes.com.br\/index.php\/wp-json\/wp\/v2\/users\/1"}],"replies":[{"embeddable":true,"href":"https:\/\/blogdoedvaldomagalhaes.com.br\/index.php\/wp-json\/wp\/v2\/comments?post=108204"}],"version-history":[{"count":1,"href":"https:\/\/blogdoedvaldomagalhaes.com.br\/index.php\/wp-json\/wp\/v2\/posts\/108204\/revisions"}],"predecessor-version":[{"id":108206,"href":"https:\/\/blogdoedvaldomagalhaes.com.br\/index.php\/wp-json\/wp\/v2\/posts\/108204\/revisions\/108206"}],"wp:featuredmedia":[{"embeddable":true,"href":"https:\/\/blogdoedvaldomagalhaes.com.br\/index.php\/wp-json\/wp\/v2\/media\/108205"}],"wp:attachment":[{"href":"https:\/\/blogdoedvaldomagalhaes.com.br\/index.php\/wp-json\/wp\/v2\/media?parent=108204"}],"wp:term":[{"taxonomy":"category","embeddable":true,"href":"https:\/\/blogdoedvaldomagalhaes.com.br\/index.php\/wp-json\/wp\/v2\/categories?post=108204"},{"taxonomy":"post_tag","embeddable":true,"href":"https:\/\/blogdoedvaldomagalhaes.com.br\/index.php\/wp-json\/wp\/v2\/tags?post=108204"}],"curies":[{"name":"wp","href":"https:\/\/api.w.org\/{rel}","templated":true}]}}