{"id":108201,"date":"2024-05-07T17:34:47","date_gmt":"2024-05-07T20:34:47","guid":{"rendered":"https:\/\/blogdoedvaldomagalhaes.com.br\/?p=108201"},"modified":"2024-05-07T17:38:04","modified_gmt":"2024-05-07T20:38:04","slug":"anderson-correia-se-une-a-campanha-sos-rio-grande-do-sul-com-ponto-de-arrecadacao-em-caruaru","status":"publish","type":"post","link":"https:\/\/blogdoedvaldomagalhaes.com.br\/index.php\/2024\/05\/07\/anderson-correia-se-une-a-campanha-sos-rio-grande-do-sul-com-ponto-de-arrecadacao-em-caruaru\/","title":{"rendered":"Anderson Correia se une \u00e0 campanha \u201cSOS Rio Grande do Sul\u201d, com ponto de arrecada\u00e7\u00e3o em Caruaru"},"content":{"rendered":"<p><span style=\"font-size: revert;\">O vereador Anderson Correia (PP) se engajou na corrente do bem pelas v\u00edtimas das fortes chuvas que atingiram o Rio Grande do Sul nos \u00faltimos dias, que deixaram milhares de fam\u00edlias desabrigadas e em situa\u00e7\u00e3o prec\u00e1ria. O parlamentar caruaruense se uniu \u00e0 campanha \u201cSOS Rio Grande do Sul\u201d, promovida pela Azul Cargo Express, que est\u00e1 arrecadando donativos nas lojas da empresa em Caruaru, Toritama e em Santa Cruz do Capibaribe.<\/span><\/p>\n<p>Na Capital do Agreste, o ponto de arrecada\u00e7\u00e3o fica localizado na PE-095, n\u00ba 84, no bairro Luiz Gonzaga. Todos podem doar alimentos n\u00e3o perec\u00edveis, cestas b\u00e1sicas (exceto \u00f3leo) e \u00e1gua; roupas de cama (len\u00e7\u00f3is, toalhas e cobertores); produtos de higiene pessoal (sabonete, creme dental, absorvente \u00edntimo, escova de dente, etc), al\u00e9m de ra\u00e7\u00e3o para c\u00e3es e gatos.<\/p>\n<p>\u201cO Brasil inteiro est\u00e1 engajado nesta causa t\u00e3o nobre em prol do povo ga\u00facho, que passa por uma das maiores cat\u00e1strofes j\u00e1 vista neste pa\u00eds. E n\u00f3s tamb\u00e9m estamos juntos, em parceria com a Azul Cargo Expresso, que est\u00e1 disponibilizando suas lojas para pontos de arrecada\u00e7\u00e3o. Por isso, pedimos o apoio de todos os caruaruenses e da regi\u00e3o Agreste a se juntarem nesta campanha, com sendo solid\u00e1rios com as pessoas e com os animais, com v\u00e1rias doa\u00e7\u00f5es, como ra\u00e7\u00e3o para os pets, que tamb\u00e9m se encontram em vulnerabilidade. Juntos somos mais fortes\u201d, destacou Anderson. Foto: Divulga\u00e7\u00e3o<\/p>\n<p>Seja seguidor do Instagram do Blog @blogdoedvaldomagalhaes<\/p>\n","protected":false},"excerpt":{"rendered":"<p>O vereador Anderson Correia (PP) se engajou na corrente do bem pelas v\u00edtimas das fortes chuvas que atingiram o Rio&hellip;<\/p>\n","protected":false},"author":1,"featured_media":108202,"comment_status":"closed","ping_status":"open","sticky":false,"template":"","format":"standard","meta":{"footnotes":""},"categories":[14122],"tags":[30441,29440,27410,13146,28801,30442,20],"class_list":["post-108201","post","type-post","status-publish","format-standard","has-post-thumbnail","hentry","category-politica","tag-anderson-correia-se-une-a-campanha-sos-rio-grande-do-sul","tag-blog-com-mais-visualizacao","tag-blog-de-caruaru","tag-blog-edvaldo-magalhaes","tag-blog-mais-acessado","tag-com-ponto-de-arrecadacao-em-caruaru","tag-politica"],"_links":{"self":[{"href":"https:\/\/blogdoedvaldomagalhaes.com.br\/index.php\/wp-json\/wp\/v2\/posts\/108201","targetHints":{"allow":["GET"]}}],"collection":[{"href":"https:\/\/blogdoedvaldomagalhaes.com.br\/index.php\/wp-json\/wp\/v2\/posts"}],"about":[{"href":"https:\/\/blogdoedvaldomagalhaes.com.br\/index.php\/wp-json\/wp\/v2\/types\/post"}],"author":[{"embeddable":true,"href":"https:\/\/blogdoedvaldomagalhaes.com.br\/index.php\/wp-json\/wp\/v2\/users\/1"}],"replies":[{"embeddable":true,"href":"https:\/\/blogdoedvaldomagalhaes.com.br\/index.php\/wp-json\/wp\/v2\/comments?post=108201"}],"version-history":[{"count":1,"href":"https:\/\/blogdoedvaldomagalhaes.com.br\/index.php\/wp-json\/wp\/v2\/posts\/108201\/revisions"}],"predecessor-version":[{"id":108203,"href":"https:\/\/blogdoedvaldomagalhaes.com.br\/index.php\/wp-json\/wp\/v2\/posts\/108201\/revisions\/108203"}],"wp:featuredmedia":[{"embeddable":true,"href":"https:\/\/blogdoedvaldomagalhaes.com.br\/index.php\/wp-json\/wp\/v2\/media\/108202"}],"wp:attachment":[{"href":"https:\/\/blogdoedvaldomagalhaes.com.br\/index.php\/wp-json\/wp\/v2\/media?parent=108201"}],"wp:term":[{"taxonomy":"category","embeddable":true,"href":"https:\/\/blogdoedvaldomagalhaes.com.br\/index.php\/wp-json\/wp\/v2\/categories?post=108201"},{"taxonomy":"post_tag","embeddable":true,"href":"https:\/\/blogdoedvaldomagalhaes.com.br\/index.php\/wp-json\/wp\/v2\/tags?post=108201"}],"curies":[{"name":"wp","href":"https:\/\/api.w.org\/{rel}","templated":true}]}}