{"id":108198,"date":"2024-05-07T17:19:45","date_gmt":"2024-05-07T20:19:45","guid":{"rendered":"https:\/\/blogdoedvaldomagalhaes.com.br\/?p=108198"},"modified":"2024-05-07T17:19:46","modified_gmt":"2024-05-07T20:19:46","slug":"vereador-jorge-quintino-propoe-medidas-para-melhorar-acessibilidade-no-transporte-publico-para-pessoas-com-tea","status":"publish","type":"post","link":"https:\/\/blogdoedvaldomagalhaes.com.br\/index.php\/2024\/05\/07\/vereador-jorge-quintino-propoe-medidas-para-melhorar-acessibilidade-no-transporte-publico-para-pessoas-com-tea\/","title":{"rendered":"Vereador Jorge Quintino prop\u00f5e medidas para melhorar acessibilidade no transporte p\u00fablico para pessoas com TEA"},"content":{"rendered":"<p><span style=\"font-size: revert;\">O vereador Jorge Quintino apresentou hoje na C\u00e2mara Municipal uma s\u00e9rie de propostas destinadas a melhorar a acessibilidade no transporte p\u00fablico da cidade. As medidas visam garantir que todos os cidad\u00e3os, incluindo aqueles com Transtorno do Espectro Autista (TEA), tenham acesso seguro e digno aos servi\u00e7os de transporte.<\/span><\/p>\n<p>Entre as propostas apresentadas pelo vereador est\u00e3o diretrizes para a disponibilidade de ve\u00edculos adaptados, a implementa\u00e7\u00e3o de programas de treinamento para motoristas e acompanhantes, e a introdu\u00e7\u00e3o de pol\u00edticas de tarifa\u00e7\u00e3o diferenciada para pessoas com TEA.<\/p>\n<p>&#8220;Melhorar a acessibilidade no transporte p\u00fablico \u00e9 essencial por v\u00e1rias raz\u00f5es, dentre elas: Inclus\u00e3o Social. A acessibilidade no transporte p\u00fablico garante que todas as pessoas, independentemente de suas habilidades f\u00edsicas ou cognitivas, tenham a oportunidade de se deslocar livremente pela cidade. Isso promove a inclus\u00e3o social, permitindo que pessoas com defici\u00eancia participem ativamente da<br \/>\nvida comunit\u00e1ria.&#8221;, afirmou o vereador Quintino.<\/p>\n<p>As diretrizes propostas pelo vereador incluem a obrigatoriedade de uma porcentagem m\u00ednima de ve\u00edculos adaptados em frota, bem como a disponibiliza\u00e7\u00e3o de recursos para a adapta\u00e7\u00e3o de ve\u00edculos existentes. Al\u00e9m disso, o vereador sugere a implementa\u00e7\u00e3o de programas de treinamento para motoristas e acompanhantes, visando sensibiliz\u00e1-los para as necessidades espec\u00edficas das pessoas com TEA.<\/p>\n<p>Outra medida importante proposta pelo vereador \u00e9 a introdu\u00e7\u00e3o de pol\u00edticas de tarifa\u00e7\u00e3o diferenciada para pessoas com TEA, com o objetivo de reduzir o custo do transporte p\u00fablico para esses cidad\u00e3os e suas fam\u00edlias.<\/p>\n<p>As propostas do vereador Quintino ser\u00e3o encaminhadas para an\u00e1lise das comiss\u00f5es competentes da C\u00e2mara Municipal, e espera-se que sejam votadas em breve.<\/p>\n<p>Foto: Divulga\u00e7\u00e3o<\/p>\n<p>Seja seguidor do Instagram do Blog @blogdoedvaldomagalhaes<\/p>\n","protected":false},"excerpt":{"rendered":"<p>O vereador Jorge Quintino apresentou hoje na C\u00e2mara Municipal uma s\u00e9rie de propostas destinadas a melhorar a acessibilidade no transporte&hellip;<\/p>\n","protected":false},"author":1,"featured_media":108199,"comment_status":"closed","ping_status":"open","sticky":false,"template":"","format":"standard","meta":{"footnotes":""},"categories":[14122],"tags":[29440,28803,27410,2,28801,20],"class_list":["post-108198","post","type-post","status-publish","format-standard","has-post-thumbnail","hentry","category-politica","tag-blog-com-mais-visualizacao","tag-blog-com-mais-visualizacoes","tag-blog-de-caruaru","tag-blog-do-edvaldo-magalhaes","tag-blog-mais-acessado","tag-politica"],"_links":{"self":[{"href":"https:\/\/blogdoedvaldomagalhaes.com.br\/index.php\/wp-json\/wp\/v2\/posts\/108198","targetHints":{"allow":["GET"]}}],"collection":[{"href":"https:\/\/blogdoedvaldomagalhaes.com.br\/index.php\/wp-json\/wp\/v2\/posts"}],"about":[{"href":"https:\/\/blogdoedvaldomagalhaes.com.br\/index.php\/wp-json\/wp\/v2\/types\/post"}],"author":[{"embeddable":true,"href":"https:\/\/blogdoedvaldomagalhaes.com.br\/index.php\/wp-json\/wp\/v2\/users\/1"}],"replies":[{"embeddable":true,"href":"https:\/\/blogdoedvaldomagalhaes.com.br\/index.php\/wp-json\/wp\/v2\/comments?post=108198"}],"version-history":[{"count":1,"href":"https:\/\/blogdoedvaldomagalhaes.com.br\/index.php\/wp-json\/wp\/v2\/posts\/108198\/revisions"}],"predecessor-version":[{"id":108200,"href":"https:\/\/blogdoedvaldomagalhaes.com.br\/index.php\/wp-json\/wp\/v2\/posts\/108198\/revisions\/108200"}],"wp:featuredmedia":[{"embeddable":true,"href":"https:\/\/blogdoedvaldomagalhaes.com.br\/index.php\/wp-json\/wp\/v2\/media\/108199"}],"wp:attachment":[{"href":"https:\/\/blogdoedvaldomagalhaes.com.br\/index.php\/wp-json\/wp\/v2\/media?parent=108198"}],"wp:term":[{"taxonomy":"category","embeddable":true,"href":"https:\/\/blogdoedvaldomagalhaes.com.br\/index.php\/wp-json\/wp\/v2\/categories?post=108198"},{"taxonomy":"post_tag","embeddable":true,"href":"https:\/\/blogdoedvaldomagalhaes.com.br\/index.php\/wp-json\/wp\/v2\/tags?post=108198"}],"curies":[{"name":"wp","href":"https:\/\/api.w.org\/{rel}","templated":true}]}}