{"id":108194,"date":"2024-05-07T10:51:16","date_gmt":"2024-05-07T13:51:16","guid":{"rendered":"https:\/\/blogdoedvaldomagalhaes.com.br\/?p=108194"},"modified":"2024-05-07T10:51:17","modified_gmt":"2024-05-07T13:51:17","slug":"falso-medico-e-detido-pela-prf-com-veiculo-furtado-e-mandado-de-prisao-em-caruaru","status":"publish","type":"post","link":"https:\/\/blogdoedvaldomagalhaes.com.br\/index.php\/2024\/05\/07\/falso-medico-e-detido-pela-prf-com-veiculo-furtado-e-mandado-de-prisao-em-caruaru\/","title":{"rendered":"Falso m\u00e9dico \u00e9 detido pela PRF com ve\u00edculo furtado e mandado de pris\u00e3o em Caruaru"},"content":{"rendered":"<p>A Pol\u00edcia Rodovi\u00e1ria Federal (PRF) deteve nesta segunda-feira (06), um idoso de 73 anos que tentou se passar por m\u00e9dico e era procurado por estelionato, roubo e furto. O foragido da justi\u00e7a estava em um carro furtado e foi abordado na BR-104, em Caruaru, no Agreste de Pernambuco.<\/p>\n<p>Durante uma opera\u00e7\u00e3o de seguran\u00e7a vi\u00e1ria, a equipe avistou um carro estacionado no p\u00e1tio de um posto de combust\u00edvel e constatou um registro de furto do ve\u00edculo, desde 17 de abril deste ano. Ao realizar a abordagem, o motorista alegou ser m\u00e9dico na cidade de Recife e que estaria indo para Toritama, ap\u00f3s um plant\u00e3o. O idoso informou o nome dele aos policiais e a matr\u00edcula no Conselho Regional de Medicina (CRM), mas a equipe descobriu que o n\u00famero pertencia a uma m\u00e9dica oftalmologista de S\u00e3o Paulo.<\/p>\n<p>Ap\u00f3s a busca veicular, os policiais encontraram o documento verdadeiro do motorista e descobriram que ele era procurado por diversos crimes. O propriet\u00e1rio original do ve\u00edculo foi contatado e reconheceu o idoso como autor do furto. <\/p>\n<p>Diante da situa\u00e7\u00e3o, o motorista foi encaminhado junto com o carro \u00e0 Delegacia de Pol\u00edcia Civil de Caruaru. Al\u00e9m do cumprimento do mandado de pris\u00e3o, ele poder\u00e1 responder por falsidade ideol\u00f3gica e furto. Foto: Divulga\u00e7\u00e3o\/PRF.<br \/>\nSeja seguidor do Instagram do Blog @blogdoedvaldomagalhaes<\/p>\n","protected":false},"excerpt":{"rendered":"<p>A Pol\u00edcia Rodovi\u00e1ria Federal (PRF) deteve nesta segunda-feira (06), um idoso de 73 anos que tentou se passar por m\u00e9dico&hellip;<\/p>\n","protected":false},"author":1,"featured_media":108195,"comment_status":"closed","ping_status":"open","sticky":false,"template":"","format":"standard","meta":{"footnotes":""},"categories":[14121],"tags":[29440,27410,2,28801,3406,30440],"class_list":["post-108194","post","type-post","status-publish","format-standard","has-post-thumbnail","hentry","category-policial","tag-blog-com-mais-visualizacao","tag-blog-de-caruaru","tag-blog-do-edvaldo-magalhaes","tag-blog-mais-acessado","tag-caruaru","tag-falso-medico-e-detido-pela-prf-com-veiculo-furtado-e-mandado-de-prisao-em-caruaru"],"_links":{"self":[{"href":"https:\/\/blogdoedvaldomagalhaes.com.br\/index.php\/wp-json\/wp\/v2\/posts\/108194","targetHints":{"allow":["GET"]}}],"collection":[{"href":"https:\/\/blogdoedvaldomagalhaes.com.br\/index.php\/wp-json\/wp\/v2\/posts"}],"about":[{"href":"https:\/\/blogdoedvaldomagalhaes.com.br\/index.php\/wp-json\/wp\/v2\/types\/post"}],"author":[{"embeddable":true,"href":"https:\/\/blogdoedvaldomagalhaes.com.br\/index.php\/wp-json\/wp\/v2\/users\/1"}],"replies":[{"embeddable":true,"href":"https:\/\/blogdoedvaldomagalhaes.com.br\/index.php\/wp-json\/wp\/v2\/comments?post=108194"}],"version-history":[{"count":1,"href":"https:\/\/blogdoedvaldomagalhaes.com.br\/index.php\/wp-json\/wp\/v2\/posts\/108194\/revisions"}],"predecessor-version":[{"id":108196,"href":"https:\/\/blogdoedvaldomagalhaes.com.br\/index.php\/wp-json\/wp\/v2\/posts\/108194\/revisions\/108196"}],"wp:featuredmedia":[{"embeddable":true,"href":"https:\/\/blogdoedvaldomagalhaes.com.br\/index.php\/wp-json\/wp\/v2\/media\/108195"}],"wp:attachment":[{"href":"https:\/\/blogdoedvaldomagalhaes.com.br\/index.php\/wp-json\/wp\/v2\/media?parent=108194"}],"wp:term":[{"taxonomy":"category","embeddable":true,"href":"https:\/\/blogdoedvaldomagalhaes.com.br\/index.php\/wp-json\/wp\/v2\/categories?post=108194"},{"taxonomy":"post_tag","embeddable":true,"href":"https:\/\/blogdoedvaldomagalhaes.com.br\/index.php\/wp-json\/wp\/v2\/tags?post=108194"}],"curies":[{"name":"wp","href":"https:\/\/api.w.org\/{rel}","templated":true}]}}