{"id":108190,"date":"2024-05-07T10:31:36","date_gmt":"2024-05-07T13:31:36","guid":{"rendered":"https:\/\/blogdoedvaldomagalhaes.com.br\/?p=108190"},"modified":"2024-05-07T10:47:43","modified_gmt":"2024-05-07T13:47:43","slug":"estruturas-do-patio-de-eventos-luiz-lua-gonzaga-estacao-ferroviaria-e-alto-do-moura-comecam-a-ser-montadas-para-o-sao-joao-2024","status":"publish","type":"post","link":"https:\/\/blogdoedvaldomagalhaes.com.br\/index.php\/2024\/05\/07\/estruturas-do-patio-de-eventos-luiz-lua-gonzaga-estacao-ferroviaria-e-alto-do-moura-comecam-a-ser-montadas-para-o-sao-joao-2024\/","title":{"rendered":"Estruturas do P\u00e1tio de Eventos Luiz Lua Gonzaga, Esta\u00e7\u00e3o Ferrovi\u00e1ria e Alto do Moura come\u00e7am a ser montadas para o S\u00e3o Jo\u00e3o 2024"},"content":{"rendered":"<p>O Maior e Melhor S\u00e3o Jo\u00e3o do Mundo come\u00e7ou pela zona rural no \u00faltimo dia 19 de abril e seguir\u00e1 at\u00e9 31 de maio. Na zona urbana, a festa j\u00e1 tem data para come\u00e7ar: 1\u00ba de junho, com atra\u00e7\u00f5es em 14 polos. Para receber todos\/as os\/as forrozeiros\/as da melhor forma, as estruturas do P\u00e1tio de Eventos Luiz Lua Gonzaga, da Esta\u00e7\u00e3o Ferrovi\u00e1ria e do Alto do Moura j\u00e1 come\u00e7aram a ser montadas.<\/p>\n<p>O material necess\u00e1rio para preparar tudo com anteced\u00eancia chegou ao P\u00e1tio e \u00e0 Esta\u00e7\u00e3o na quinta-feira (2). J\u00e1 no Alto do Moura a estrutura chegou na segunda-feira (6). O P\u00e1tio de Eventos \u00e9 o maior polo do S\u00e3o Jo\u00e3o de Caruaru, que se destaca por sua multiculturalidade, recebendo artistas de samba, MPB, sertanejo, rap e, claro, o tradicional forr\u00f3, que ocupar\u00e1 mais de 50% da programa\u00e7\u00e3o do P\u00e1tio. <\/p>\n<p>No Alto do Moura, a programa\u00e7\u00e3o \u00e9 100% de forr\u00f3 e recebe grandes artistas locais e nacionais, atraindo milhares de pessoas, principalmente, durante o per\u00edodo da tarde. Al\u00e9m disso, o polo \u00e9 o ber\u00e7o da arte do barro, o que faz com que haja uma movimenta\u00e7\u00e3o econ\u00f4mica maior nas vendas dos artes\u00e3os e artes\u00e3s. A Esta\u00e7\u00e3o, por sua vez, recebe diversas manifesta\u00e7\u00f5es culturais, que v\u00e3o do repente ao teatro e o p\u00edfano.<\/p>\n<p>No P\u00e1tio de Eventos, a estrutura permanece praticamente a mesma: o palco, os camarotes e os restaurantes estar\u00e3o na mesma localiza\u00e7\u00e3o de 2023. Neste ano, n\u00e3o haver\u00e1 o palco 360 e ter\u00e1 aumento no n\u00famero de banheiros dispon\u00edveis, chegando a cerca de 800 em todo o per\u00edmetro do S\u00e3o Jo\u00e3o, como forma de atender um n\u00famero de pessoas ainda maior. <\/p>\n<p>\u201c\u00c9 importante come\u00e7armos todos esses preparativos com anteced\u00eancia, para termos uma festa organizada para todos e todas que vierem prestigiar a grandiosidade do S\u00e3o Jo\u00e3o de Caruaru, como tem sido desde o in\u00edcio do S\u00e3o Jo\u00e3o na Ro\u00e7a\u201d, disse o presidente da Funda\u00e7\u00e3o de Cultura de Caruaru, H\u00e9rlon Cavalcanti. <\/p>\n<p>Ademais, vale ressaltar que o forr\u00f3 ser\u00e1 protagonista, em 100% da programa\u00e7\u00e3o para al\u00e9m do Alto do Moura, chegando aos polos do S\u00e3o Jo\u00e3o na Ro\u00e7a, Camar\u00e3o, Juarez Santiago, P\u00edfano e Bacamarteiro, destacando a import\u00e2ncia deste g\u00eanero musical para o munic\u00edpio do Maior e Melhor S\u00e3o Jo\u00e3o do Mundo, que det\u00e9m o t\u00edtulo de Capital do Forr\u00f3.<br \/>\nFoto: Joalline Nascimento\/Secom\/PMC<br \/>\nSeja seguidor do Instagram do Blog @blogdoedvaldomagalhaes<\/p>\n","protected":false},"excerpt":{"rendered":"<p>O Maior e Melhor S\u00e3o Jo\u00e3o do Mundo come\u00e7ou pela zona rural no \u00faltimo dia 19 de abril e seguir\u00e1&hellip;<\/p>\n","protected":false},"author":1,"featured_media":108193,"comment_status":"closed","ping_status":"open","sticky":false,"template":"","format":"standard","meta":{"footnotes":""},"categories":[14120],"tags":[29440,27410,13146,19430,30439,30438],"class_list":["post-108190","post","type-post","status-publish","format-standard","has-post-thumbnail","hentry","category-noticias","tag-blog-com-mais-visualizacao","tag-blog-de-caruaru","tag-blog-edvaldo-magalhaes","tag-blog-mais-acessado-de-caruaru","tag-estacao-ferroviaria-e-alto-do-moura-comecam-a-ser-montadas-para-o-sao-joao-2024","tag-estruturas-do-patio-de-eventos-luiz-lua-gonzaga"],"_links":{"self":[{"href":"https:\/\/blogdoedvaldomagalhaes.com.br\/index.php\/wp-json\/wp\/v2\/posts\/108190","targetHints":{"allow":["GET"]}}],"collection":[{"href":"https:\/\/blogdoedvaldomagalhaes.com.br\/index.php\/wp-json\/wp\/v2\/posts"}],"about":[{"href":"https:\/\/blogdoedvaldomagalhaes.com.br\/index.php\/wp-json\/wp\/v2\/types\/post"}],"author":[{"embeddable":true,"href":"https:\/\/blogdoedvaldomagalhaes.com.br\/index.php\/wp-json\/wp\/v2\/users\/1"}],"replies":[{"embeddable":true,"href":"https:\/\/blogdoedvaldomagalhaes.com.br\/index.php\/wp-json\/wp\/v2\/comments?post=108190"}],"version-history":[{"count":1,"href":"https:\/\/blogdoedvaldomagalhaes.com.br\/index.php\/wp-json\/wp\/v2\/posts\/108190\/revisions"}],"predecessor-version":[{"id":108191,"href":"https:\/\/blogdoedvaldomagalhaes.com.br\/index.php\/wp-json\/wp\/v2\/posts\/108190\/revisions\/108191"}],"wp:featuredmedia":[{"embeddable":true,"href":"https:\/\/blogdoedvaldomagalhaes.com.br\/index.php\/wp-json\/wp\/v2\/media\/108193"}],"wp:attachment":[{"href":"https:\/\/blogdoedvaldomagalhaes.com.br\/index.php\/wp-json\/wp\/v2\/media?parent=108190"}],"wp:term":[{"taxonomy":"category","embeddable":true,"href":"https:\/\/blogdoedvaldomagalhaes.com.br\/index.php\/wp-json\/wp\/v2\/categories?post=108190"},{"taxonomy":"post_tag","embeddable":true,"href":"https:\/\/blogdoedvaldomagalhaes.com.br\/index.php\/wp-json\/wp\/v2\/tags?post=108190"}],"curies":[{"name":"wp","href":"https:\/\/api.w.org\/{rel}","templated":true}]}}