{"id":108187,"date":"2024-05-06T21:18:31","date_gmt":"2024-05-07T00:18:31","guid":{"rendered":"https:\/\/blogdoedvaldomagalhaes.com.br\/?p=108187"},"modified":"2024-05-06T21:18:32","modified_gmt":"2024-05-07T00:18:32","slug":"com-a-praca-do-bairro-agamenon-lotada-junior-letal-comemora-sucesso-da-festa-das-maes-na-comunidade","status":"publish","type":"post","link":"https:\/\/blogdoedvaldomagalhaes.com.br\/index.php\/2024\/05\/06\/com-a-praca-do-bairro-agamenon-lotada-junior-letal-comemora-sucesso-da-festa-das-maes-na-comunidade\/","title":{"rendered":"Com a pra\u00e7a do bairro Agamenon lotada, J\u00fanior Letal comemora sucesso da festa das m\u00e3es na comunidade"},"content":{"rendered":"<p><span style=\"font-size: revert;\">Com a pra\u00e7a do bairro Agamenon lotada, o presidente da AMBAM, J\u00fanior Letal est\u00e1 comemorando o sucesso da festa das m\u00e3es na tarde deste domingo. O evento contou com a apresenta\u00e7\u00e3o das turmas de Ballet do Centro Social Comunit\u00e1rio, sorteio de presentes, lanche, homenagem, bingo gratuito, participa\u00e7\u00e3o do poeta Davi Geffson e show com o Trio Forr\u00f3 Quent\u00e3o.<\/span><\/p>\n<p>&#8220;Mais uma vez fizemos um grande evento. Foi uma tarde muito especial para as m\u00e3es da nossa comunidade. Isso \u00e9 fruto de um trabalho s\u00e9rio e com muita dedica\u00e7\u00e3o que estamos realizando. Agrade\u00e7o a todos os amigos, aos comerciantes da localidade e a prefeitura de Caruaru pelo apoio. Cuidar bem do nosso bairro \u00e9 a nossa miss\u00e3o &#8220;, disse J\u00fanior Letal.<\/p>\n<p>Seja seguidor do Instagram do Blog @blogdoedvaldomagalhaes<\/p>\n<p>Foto: Divulga\u00e7\u00e3o<\/p>\n","protected":false},"excerpt":{"rendered":"<p>Com a pra\u00e7a do bairro Agamenon lotada, o presidente da AMBAM, J\u00fanior Letal est\u00e1 comemorando o sucesso da festa das&hellip;<\/p>\n","protected":false},"author":1,"featured_media":108188,"comment_status":"closed","ping_status":"open","sticky":false,"template":"","format":"standard","meta":{"footnotes":""},"categories":[14122],"tags":[29440,27410,2,28801,30437],"class_list":["post-108187","post","type-post","status-publish","format-standard","has-post-thumbnail","hentry","category-politica","tag-blog-com-mais-visualizacao","tag-blog-de-caruaru","tag-blog-do-edvaldo-magalhaes","tag-blog-mais-acessado","tag-com-a-praca-do-bairro-agamenon-lotada-junior-letal-comemora-sucesso-da-festa-das-maes-na-comunidade"],"_links":{"self":[{"href":"https:\/\/blogdoedvaldomagalhaes.com.br\/index.php\/wp-json\/wp\/v2\/posts\/108187","targetHints":{"allow":["GET"]}}],"collection":[{"href":"https:\/\/blogdoedvaldomagalhaes.com.br\/index.php\/wp-json\/wp\/v2\/posts"}],"about":[{"href":"https:\/\/blogdoedvaldomagalhaes.com.br\/index.php\/wp-json\/wp\/v2\/types\/post"}],"author":[{"embeddable":true,"href":"https:\/\/blogdoedvaldomagalhaes.com.br\/index.php\/wp-json\/wp\/v2\/users\/1"}],"replies":[{"embeddable":true,"href":"https:\/\/blogdoedvaldomagalhaes.com.br\/index.php\/wp-json\/wp\/v2\/comments?post=108187"}],"version-history":[{"count":1,"href":"https:\/\/blogdoedvaldomagalhaes.com.br\/index.php\/wp-json\/wp\/v2\/posts\/108187\/revisions"}],"predecessor-version":[{"id":108189,"href":"https:\/\/blogdoedvaldomagalhaes.com.br\/index.php\/wp-json\/wp\/v2\/posts\/108187\/revisions\/108189"}],"wp:featuredmedia":[{"embeddable":true,"href":"https:\/\/blogdoedvaldomagalhaes.com.br\/index.php\/wp-json\/wp\/v2\/media\/108188"}],"wp:attachment":[{"href":"https:\/\/blogdoedvaldomagalhaes.com.br\/index.php\/wp-json\/wp\/v2\/media?parent=108187"}],"wp:term":[{"taxonomy":"category","embeddable":true,"href":"https:\/\/blogdoedvaldomagalhaes.com.br\/index.php\/wp-json\/wp\/v2\/categories?post=108187"},{"taxonomy":"post_tag","embeddable":true,"href":"https:\/\/blogdoedvaldomagalhaes.com.br\/index.php\/wp-json\/wp\/v2\/tags?post=108187"}],"curies":[{"name":"wp","href":"https:\/\/api.w.org\/{rel}","templated":true}]}}