{"id":108137,"date":"2024-05-05T10:37:23","date_gmt":"2024-05-05T13:37:23","guid":{"rendered":"https:\/\/blogdoedvaldomagalhaes.com.br\/?p=108137"},"modified":"2024-05-05T10:37:23","modified_gmt":"2024-05-05T13:37:23","slug":"bandas-as-fulo-e-mel-com-terra-se-apresentam-pela-primeira-vez-no-sao-joao-na-roca-e-levam-sucessos-para-cachoeira-seca","status":"publish","type":"post","link":"https:\/\/blogdoedvaldomagalhaes.com.br\/index.php\/2024\/05\/05\/bandas-as-fulo-e-mel-com-terra-se-apresentam-pela-primeira-vez-no-sao-joao-na-roca-e-levam-sucessos-para-cachoeira-seca\/","title":{"rendered":"Bandas As Ful\u00f4 e Mel com Terra se apresentam pela primeira vez no S\u00e3o Jo\u00e3o na Ro\u00e7a e levam sucessos para Cachoeira Seca"},"content":{"rendered":"<p>A noite em Cachoeira Seca foi marcada pela estreia de duas bandas: As Ful\u00f4, de Caruaru, e Mel Com Terra, de Fortaleza, que nunca haviam se apresentado no S\u00e3o Jo\u00e3o na Ro\u00e7a. Al\u00e9m delas, os forrozeiros e forrozeiras, que marcaram presen\u00e7a em peso no local, tamb\u00e9m aproveitaram o forr\u00f3 do Trio Caf\u00e9 com Leite.<\/p>\n<p>Como j\u00e1 \u00e9 tradi\u00e7\u00e3o no S\u00e3o Jo\u00e3o na Ro\u00e7a, o p\u00fablico foi recepcionado pelo Ballet Cia Marcos Mercury e tamb\u00e9m por uma quadrilha junina e um batalh\u00e3o de bacamarteiros. Nesta noite, quem recebeu as pessoas que foram at\u00e9 Cachoeira Seca foram a quadrilha Dona Sinh\u00e1 e o batalh\u00e3o 28.<\/p>\n<p>As apresenta\u00e7\u00f5es no palco come\u00e7aram com o Trio Caf\u00e9 com Leite. \u201cPara mim, \u00e9 maravilhoso fazer mais um S\u00e3o Jo\u00e3o. A festa em Caruaru \u00e9 a melhor do mundo! Eu amo fazer parte de tudo isso. Agrade\u00e7o demais ao prefeito Rodrigo Pinheiro pela oportunidade\u201d, disse a cantora Marlene do Forr\u00f3.<\/p>\n<p>Estreante no S\u00e3o Jo\u00e3o na Ro\u00e7a, a banda As Ful\u00f4 realizou um sonho ao se apresentar em Cachoeira Seca. \u201cA prefeitura atendeu a um pedido nosso e estamos muito gratas. S\u00e3o 15 anos de forma\u00e7\u00e3o com As Ful\u00f4 e \u00e9 uma honra para n\u00f3s estarmos aqui\u201d, afirmou Concei\u00e7\u00e3o Gadelha, que \u00e9 uma das integrantes do grupo. <\/p>\n<p>Por fim, foi a vez da Mel Com Terra agradecer por, mais um ano, estar na programa\u00e7\u00e3o do Maior e Melhor S\u00e3o Jo\u00e3o do Mundo. \u201cS\u00e3o mais de 30 anos de hist\u00f3ria e estar aqui \u00e9 o melhor presente. N\u00e3o tem como discutir, Caruaru tem, sim, o maior festejo junino do mundo!\u201d, ressaltou a vocalista, Rose Mendes.<br \/>\nFoto: Felipe Correia\/Secom\/PMC<br \/>\nSeja seguidor do Instagram do Blog @blogdoedvaldomagalhaes<\/p>\n","protected":false},"excerpt":{"rendered":"<p>A noite em Cachoeira Seca foi marcada pela estreia de duas bandas: As Ful\u00f4, de Caruaru, e Mel Com Terra,&hellip;<\/p>\n","protected":false},"author":1,"featured_media":108138,"comment_status":"closed","ping_status":"open","sticky":false,"template":"","format":"standard","meta":{"footnotes":""},"categories":[14120],"tags":[30424,29440,27410,2,28801],"class_list":["post-108137","post","type-post","status-publish","format-standard","has-post-thumbnail","hentry","category-noticias","tag-bandas-as-fulo-e-mel-com-terra-se-apresentam-pela-primeira-vez-no-sao-joao-na-roca-e-levam-sucessos-para-cachoeira-seca","tag-blog-com-mais-visualizacao","tag-blog-de-caruaru","tag-blog-do-edvaldo-magalhaes","tag-blog-mais-acessado"],"_links":{"self":[{"href":"https:\/\/blogdoedvaldomagalhaes.com.br\/index.php\/wp-json\/wp\/v2\/posts\/108137","targetHints":{"allow":["GET"]}}],"collection":[{"href":"https:\/\/blogdoedvaldomagalhaes.com.br\/index.php\/wp-json\/wp\/v2\/posts"}],"about":[{"href":"https:\/\/blogdoedvaldomagalhaes.com.br\/index.php\/wp-json\/wp\/v2\/types\/post"}],"author":[{"embeddable":true,"href":"https:\/\/blogdoedvaldomagalhaes.com.br\/index.php\/wp-json\/wp\/v2\/users\/1"}],"replies":[{"embeddable":true,"href":"https:\/\/blogdoedvaldomagalhaes.com.br\/index.php\/wp-json\/wp\/v2\/comments?post=108137"}],"version-history":[{"count":1,"href":"https:\/\/blogdoedvaldomagalhaes.com.br\/index.php\/wp-json\/wp\/v2\/posts\/108137\/revisions"}],"predecessor-version":[{"id":108139,"href":"https:\/\/blogdoedvaldomagalhaes.com.br\/index.php\/wp-json\/wp\/v2\/posts\/108137\/revisions\/108139"}],"wp:featuredmedia":[{"embeddable":true,"href":"https:\/\/blogdoedvaldomagalhaes.com.br\/index.php\/wp-json\/wp\/v2\/media\/108138"}],"wp:attachment":[{"href":"https:\/\/blogdoedvaldomagalhaes.com.br\/index.php\/wp-json\/wp\/v2\/media?parent=108137"}],"wp:term":[{"taxonomy":"category","embeddable":true,"href":"https:\/\/blogdoedvaldomagalhaes.com.br\/index.php\/wp-json\/wp\/v2\/categories?post=108137"},{"taxonomy":"post_tag","embeddable":true,"href":"https:\/\/blogdoedvaldomagalhaes.com.br\/index.php\/wp-json\/wp\/v2\/tags?post=108137"}],"curies":[{"name":"wp","href":"https:\/\/api.w.org\/{rel}","templated":true}]}}