{"id":108128,"date":"2024-05-04T19:44:14","date_gmt":"2024-05-04T22:44:14","guid":{"rendered":"https:\/\/blogdoedvaldomagalhaes.com.br\/?p=108128"},"modified":"2024-05-04T20:00:55","modified_gmt":"2024-05-04T23:00:55","slug":"junior-letal-realiza-festa-para-as-maes-neste-domingo-no-bairro-agamenon","status":"publish","type":"post","link":"https:\/\/blogdoedvaldomagalhaes.com.br\/index.php\/2024\/05\/04\/junior-letal-realiza-festa-para-as-maes-neste-domingo-no-bairro-agamenon\/","title":{"rendered":"J\u00fanior Letal realiza festa para as m\u00e3es neste domingo no bairro Agamenon"},"content":{"rendered":"<p>O presidente da AMBAM, J\u00fanior Letal, realiza na tarde deste domingo na pra\u00e7a do bairro Agamenon, uma festa em homenagem as M\u00e3es do Agamenon, Encanto da Serra, Adalgisa Nunes, Wirton Lira e Morada Verde. O evento come\u00e7a \u00e0s 15h e ter\u00e1 distribui\u00e7\u00e3o de presentes, lanche, apresenta\u00e7\u00e3o do Ballet do Centro Social Comunit\u00e1rio J\u00fanior Letal, Bingo gratuito para as m\u00e3es e show com o Trio Forr\u00f3 Quent\u00e3o. <\/p>\n<p>J\u00fanior Letal destacou que a festa conta com o apoio de amigos e comerciantes da pr\u00f3pria comunidade, como tamb\u00e9m da prefeitura de Caruaru e da Certec toldos. <\/p>\n<p>&#8220;Ser\u00e1 mais um evento maravilhoso. Quero aqui agradecer aos amigos e amigas da nossa comunidade, a Lademir da Certec e a prefeitura de Caruaru\/gest\u00e3o do prefeito Rodrigo Pinheiro pela colabora\u00e7\u00e3o. Todas as m\u00e3es est\u00e3o convidadas para participar desse momento de muita alegria &#8220;, disse J\u00fanior Letal.<\/p>\n","protected":false},"excerpt":{"rendered":"<p>O presidente da AMBAM, J\u00fanior Letal, realiza na tarde deste domingo na pra\u00e7a do bairro Agamenon, uma festa em homenagem&hellip;<\/p>\n","protected":false},"author":1,"featured_media":108132,"comment_status":"closed","ping_status":"open","sticky":false,"template":"","format":"standard","meta":{"footnotes":""},"categories":[14120],"tags":[30253,29440,2,28801,30422],"class_list":["post-108128","post","type-post","status-publish","format-standard","has-post-thumbnail","hentry","category-noticias","tag-blog-caruaru","tag-blog-com-mais-visualizacao","tag-blog-do-edvaldo-magalhaes","tag-blog-mais-acessado","tag-junior-letal-realiza-festa-para-as-maes-neste-domingo-no-bairro-agamenon"],"_links":{"self":[{"href":"https:\/\/blogdoedvaldomagalhaes.com.br\/index.php\/wp-json\/wp\/v2\/posts\/108128","targetHints":{"allow":["GET"]}}],"collection":[{"href":"https:\/\/blogdoedvaldomagalhaes.com.br\/index.php\/wp-json\/wp\/v2\/posts"}],"about":[{"href":"https:\/\/blogdoedvaldomagalhaes.com.br\/index.php\/wp-json\/wp\/v2\/types\/post"}],"author":[{"embeddable":true,"href":"https:\/\/blogdoedvaldomagalhaes.com.br\/index.php\/wp-json\/wp\/v2\/users\/1"}],"replies":[{"embeddable":true,"href":"https:\/\/blogdoedvaldomagalhaes.com.br\/index.php\/wp-json\/wp\/v2\/comments?post=108128"}],"version-history":[{"count":1,"href":"https:\/\/blogdoedvaldomagalhaes.com.br\/index.php\/wp-json\/wp\/v2\/posts\/108128\/revisions"}],"predecessor-version":[{"id":108129,"href":"https:\/\/blogdoedvaldomagalhaes.com.br\/index.php\/wp-json\/wp\/v2\/posts\/108128\/revisions\/108129"}],"wp:featuredmedia":[{"embeddable":true,"href":"https:\/\/blogdoedvaldomagalhaes.com.br\/index.php\/wp-json\/wp\/v2\/media\/108132"}],"wp:attachment":[{"href":"https:\/\/blogdoedvaldomagalhaes.com.br\/index.php\/wp-json\/wp\/v2\/media?parent=108128"}],"wp:term":[{"taxonomy":"category","embeddable":true,"href":"https:\/\/blogdoedvaldomagalhaes.com.br\/index.php\/wp-json\/wp\/v2\/categories?post=108128"},{"taxonomy":"post_tag","embeddable":true,"href":"https:\/\/blogdoedvaldomagalhaes.com.br\/index.php\/wp-json\/wp\/v2\/tags?post=108128"}],"curies":[{"name":"wp","href":"https:\/\/api.w.org\/{rel}","templated":true}]}}