{"id":108122,"date":"2024-05-04T09:30:27","date_gmt":"2024-05-04T12:30:27","guid":{"rendered":"https:\/\/blogdoedvaldomagalhaes.com.br\/?p=108122"},"modified":"2024-05-04T09:30:28","modified_gmt":"2024-05-04T12:30:28","slug":"vila-lajes-recebe-tradicao-do-trio-nordestino-em-mais-uma-noite-de-sao-joao-na-roca","status":"publish","type":"post","link":"https:\/\/blogdoedvaldomagalhaes.com.br\/index.php\/2024\/05\/04\/vila-lajes-recebe-tradicao-do-trio-nordestino-em-mais-uma-noite-de-sao-joao-na-roca\/","title":{"rendered":"Vila Lajes recebe tradi\u00e7\u00e3o do Trio Nordestino em mais uma noite de S\u00e3o Jo\u00e3o na Ro\u00e7a"},"content":{"rendered":"<p>Uma verdadeira multid\u00e3o compareceu em mais uma noite de S\u00e3o Jo\u00e3o na Ro\u00e7a. Desta vez, o p\u00fablico lotou a Vila Lajes, que recebeu o Trio Vai Hoje, o Forr\u00f3 Rei do Canga\u00e7o e a tradi\u00e7\u00e3o do Trio Nordestino, que tem mais de 60 anos de carreira e j\u00e1 \u00e9 atra\u00e7\u00e3o certa em cada uma das edi\u00e7\u00f5es do Maior e Melhor S\u00e3o Jo\u00e3o do Mundo. <\/p>\n<p>Al\u00e9m das atra\u00e7\u00f5es de forr\u00f3, o p\u00fablico presente no S\u00edtio Lajes prestigiou o Ballet Cia Marcos Mercury, a banda de p\u00edfanos Caruaru Camale\u00e3o e o Batalh\u00e3o de Bacamarteiros 333, que desfilaram pela comunidade rural animando a todos os forrozeiros e forrozeiras. <\/p>\n<p>Durante o festejo, o prefeito Rodrigo Pinheiro fez quest\u00e3o de ressaltar que, para al\u00e9m das festas, as comunidades rurais tamb\u00e9m recebem importantes melhorias e a\u00e7\u00f5es da prefeitura ao longo do ano. Esta \u00e9 uma forma de mostrar o quanto a gest\u00e3o municipal atua nos quatro cantos da Capital do Agreste.<\/p>\n<p>\u201cO S\u00e3o Jo\u00e3o na Ro\u00e7a dura uma noite em cada localidade rural, mas as melhorias seguem por mais tempo. Nas comunidades, nos preocupamos com a ilumina\u00e7\u00e3o p\u00fablica, o saneamento b\u00e1sico, a seguran\u00e7a e a educa\u00e7\u00e3o de todos e todas\u201d, destacou o prefeito Rodrigo Pinheiro.<br \/>\nFoto: Felipe Correia\/Secom\/PMC<br \/>\nSeja seguidor do Instagram do Blog @blogdoedvaldomagalhaes<\/p>\n","protected":false},"excerpt":{"rendered":"<p>Uma verdadeira multid\u00e3o compareceu em mais uma noite de S\u00e3o Jo\u00e3o na Ro\u00e7a. Desta vez, o p\u00fablico lotou a Vila&hellip;<\/p>\n","protected":false},"author":1,"featured_media":108123,"comment_status":"closed","ping_status":"open","sticky":false,"template":"","format":"standard","meta":{"footnotes":""},"categories":[14120],"tags":[29440,27410,2,28801,6758,30421,14161],"class_list":["post-108122","post","type-post","status-publish","format-standard","has-post-thumbnail","hentry","category-noticias","tag-blog-com-mais-visualizacao","tag-blog-de-caruaru","tag-blog-do-edvaldo-magalhaes","tag-blog-mais-acessado","tag-sao-joao","tag-vila-lajes-recebe-tradicao-do-trio-nordestino-em-mais-uma-noite-de-sao-joao-na-roca","tag-zona-rural"],"_links":{"self":[{"href":"https:\/\/blogdoedvaldomagalhaes.com.br\/index.php\/wp-json\/wp\/v2\/posts\/108122","targetHints":{"allow":["GET"]}}],"collection":[{"href":"https:\/\/blogdoedvaldomagalhaes.com.br\/index.php\/wp-json\/wp\/v2\/posts"}],"about":[{"href":"https:\/\/blogdoedvaldomagalhaes.com.br\/index.php\/wp-json\/wp\/v2\/types\/post"}],"author":[{"embeddable":true,"href":"https:\/\/blogdoedvaldomagalhaes.com.br\/index.php\/wp-json\/wp\/v2\/users\/1"}],"replies":[{"embeddable":true,"href":"https:\/\/blogdoedvaldomagalhaes.com.br\/index.php\/wp-json\/wp\/v2\/comments?post=108122"}],"version-history":[{"count":1,"href":"https:\/\/blogdoedvaldomagalhaes.com.br\/index.php\/wp-json\/wp\/v2\/posts\/108122\/revisions"}],"predecessor-version":[{"id":108124,"href":"https:\/\/blogdoedvaldomagalhaes.com.br\/index.php\/wp-json\/wp\/v2\/posts\/108122\/revisions\/108124"}],"wp:featuredmedia":[{"embeddable":true,"href":"https:\/\/blogdoedvaldomagalhaes.com.br\/index.php\/wp-json\/wp\/v2\/media\/108123"}],"wp:attachment":[{"href":"https:\/\/blogdoedvaldomagalhaes.com.br\/index.php\/wp-json\/wp\/v2\/media?parent=108122"}],"wp:term":[{"taxonomy":"category","embeddable":true,"href":"https:\/\/blogdoedvaldomagalhaes.com.br\/index.php\/wp-json\/wp\/v2\/categories?post=108122"},{"taxonomy":"post_tag","embeddable":true,"href":"https:\/\/blogdoedvaldomagalhaes.com.br\/index.php\/wp-json\/wp\/v2\/tags?post=108122"}],"curies":[{"name":"wp","href":"https:\/\/api.w.org\/{rel}","templated":true}]}}