{"id":108119,"date":"2024-05-04T09:14:07","date_gmt":"2024-05-04T12:14:07","guid":{"rendered":"https:\/\/blogdoedvaldomagalhaes.com.br\/?p=108119"},"modified":"2024-05-04T09:14:08","modified_gmt":"2024-05-04T12:14:08","slug":"estudantes-da-rede-municipal-serao-premiados-nas-olimpiadas-dos-conhecimentos-refletindo-momento-atual-da-educacao-caruaruense","status":"publish","type":"post","link":"https:\/\/blogdoedvaldomagalhaes.com.br\/index.php\/2024\/05\/04\/estudantes-da-rede-municipal-serao-premiados-nas-olimpiadas-dos-conhecimentos-refletindo-momento-atual-da-educacao-caruaruense\/","title":{"rendered":"Estudantes da rede municipal ser\u00e3o premiados nas Olimp\u00edadas dos Conhecimentos, refletindo momento atual da educa\u00e7\u00e3o caruaruense"},"content":{"rendered":"<p>A Secretaria Municipal de Educa\u00e7\u00e3o e Esportes de Caruaru, realiza a cerim\u00f4nia das Olimp\u00edadas dos Conhecimentos 2023, nesta ter\u00e7a-feira (07), a partir das 8h30, no audit\u00f3rio da Seduc, no bairro Petr\u00f3polis. O evento, que contar\u00e1 com as presen\u00e7as de secret\u00e1rios, educadores e estudantes, \u00e9 um reconhecimento a mais um excelente resultado obtido pela rede municipal de ensino da Capital do Agreste em \u00e2mbito nacional.  <\/p>\n<p>Depois de ser apontada pelo Centro de Lideran\u00e7a P\u00fablica como a cidade que oferece o melhor acesso \u00e0 Educa\u00e7\u00e3o, em compara\u00e7\u00e3o aos munic\u00edpios pernambucanos com popula\u00e7\u00f5es acima dos 80 mil habitantes, agora, Caruaru est\u00e1 comemorando os desempenhos significativos, em olimp\u00edadas que avaliaram os conhecimentos e aprendizados nas mais variadas \u00e1reas, de estudantes de redes municipais de ensino de todo o pa\u00eds, durante as suas respectivas edi\u00e7\u00f5es, ao longo do ano passado.<\/p>\n<p>Neste contexto est\u00e3o inseridas as Olimp\u00edadas Brasileira de Astronomia e Aeron\u00e1utica (OBA), a Olimp\u00edada Brasileira de Matem\u00e1tica das Escolas P\u00fablicas (OBMEP), a Olimp\u00edada Nacional de Ci\u00eancias (ONC), a Olimp\u00edada de Portugu\u00eas (OP) e a Olimp\u00edada Brasileira de Racioc\u00ednio L\u00f3gico (OBRL). No somat\u00f3rio das participa\u00e7\u00f5es em todas essas edi\u00e7\u00f5es, a Capital do Agreste, atrav\u00e9s de seus estudantes dos anos finais do Ensino Fundamental, conquistou 109 medalhas, do ouro ao bronze, refor\u00e7ando o momento importante em que atravessa em termos de educa\u00e7\u00e3o municipal.   <\/p>\n<p>Executada pela Seduc Caruaru, a cerim\u00f4nia das Olimp\u00edadas dos Conhecimentos \u00e9 a culmin\u00e2ncia de todos os resultados expressivos que foram obtidos pelos estudantes municipais, nas referidas olimp\u00edadas citadas. Para se ter ideia do avan\u00e7o da Capital do Agreste, no somat\u00f3rio de todas elas, se em 2022 a cidade conquistou 63 medalhas, no ano passado, ela saltou para quase 110, sendo 54 de ouro, 29 de prata e 26 de bronze. <\/p>\n<p>\u201cO nosso sentimento \u00e9 de muita alegria e satisfa\u00e7\u00e3o por vermos que os estudantes da rede municipal de ensino est\u00e3o conseguindo expandir os seus conhecimentos por m\u00e9ritos, bem como incentivados pelo trabalho diferenciado de todos os profissionais da Educa\u00e7\u00e3o e tamb\u00e9m pelos diversos investimentos que t\u00eam sido feitos pelo nosso governo. Qualifica\u00e7\u00f5es, incremento no quadro de servidores, atrav\u00e9s da realiza\u00e7\u00e3o do maior concurso da hist\u00f3ria da cidade, reestrutura\u00e7\u00f5es e constru\u00e7\u00f5es de unidades educacionais, melhorias no transporte, alimenta\u00e7\u00e3o e demais servi\u00e7os, est\u00e3o entre todos investimentos que t\u00eam feito a diferen\u00e7a na vida de todos eles. E os bons resultados para nossa cidade est\u00e3o chegando!\u2019\u2019, comemorou o prefeito Rodrigo Pinheiro.<br \/>\nSeja seguidor do Instagram do Blog @blogdoedvaldomagalhaes<\/p>\n","protected":false},"excerpt":{"rendered":"<p>A Secretaria Municipal de Educa\u00e7\u00e3o e Esportes de Caruaru, realiza a cerim\u00f4nia das Olimp\u00edadas dos Conhecimentos 2023, nesta ter\u00e7a-feira (07),&hellip;<\/p>\n","protected":false},"author":1,"featured_media":108120,"comment_status":"closed","ping_status":"open","sticky":false,"template":"","format":"standard","meta":{"footnotes":""},"categories":[14120],"tags":[29440,27410,2,28801,30419,30420],"class_list":["post-108119","post","type-post","status-publish","format-standard","has-post-thumbnail","hentry","category-noticias","tag-blog-com-mais-visualizacao","tag-blog-de-caruaru","tag-blog-do-edvaldo-magalhaes","tag-blog-mais-acessado","tag-estudantes-da-rede-municipal-serao-premiados-nas-olimpiadas-dos-conhecimentos","tag-refletindo-momento-atual-da-educacao-caruaruense"],"_links":{"self":[{"href":"https:\/\/blogdoedvaldomagalhaes.com.br\/index.php\/wp-json\/wp\/v2\/posts\/108119","targetHints":{"allow":["GET"]}}],"collection":[{"href":"https:\/\/blogdoedvaldomagalhaes.com.br\/index.php\/wp-json\/wp\/v2\/posts"}],"about":[{"href":"https:\/\/blogdoedvaldomagalhaes.com.br\/index.php\/wp-json\/wp\/v2\/types\/post"}],"author":[{"embeddable":true,"href":"https:\/\/blogdoedvaldomagalhaes.com.br\/index.php\/wp-json\/wp\/v2\/users\/1"}],"replies":[{"embeddable":true,"href":"https:\/\/blogdoedvaldomagalhaes.com.br\/index.php\/wp-json\/wp\/v2\/comments?post=108119"}],"version-history":[{"count":1,"href":"https:\/\/blogdoedvaldomagalhaes.com.br\/index.php\/wp-json\/wp\/v2\/posts\/108119\/revisions"}],"predecessor-version":[{"id":108121,"href":"https:\/\/blogdoedvaldomagalhaes.com.br\/index.php\/wp-json\/wp\/v2\/posts\/108119\/revisions\/108121"}],"wp:featuredmedia":[{"embeddable":true,"href":"https:\/\/blogdoedvaldomagalhaes.com.br\/index.php\/wp-json\/wp\/v2\/media\/108120"}],"wp:attachment":[{"href":"https:\/\/blogdoedvaldomagalhaes.com.br\/index.php\/wp-json\/wp\/v2\/media?parent=108119"}],"wp:term":[{"taxonomy":"category","embeddable":true,"href":"https:\/\/blogdoedvaldomagalhaes.com.br\/index.php\/wp-json\/wp\/v2\/categories?post=108119"},{"taxonomy":"post_tag","embeddable":true,"href":"https:\/\/blogdoedvaldomagalhaes.com.br\/index.php\/wp-json\/wp\/v2\/tags?post=108119"}],"curies":[{"name":"wp","href":"https:\/\/api.w.org\/{rel}","templated":true}]}}