{"id":108116,"date":"2024-05-04T07:26:43","date_gmt":"2024-05-04T10:26:43","guid":{"rendered":"https:\/\/blogdoedvaldomagalhaes.com.br\/?p=108116"},"modified":"2024-05-04T07:26:43","modified_gmt":"2024-05-04T10:26:43","slug":"guarda-municipal-de-caruaru-recupera-televisao-furtada-e-leva-suspeito-para-dp","status":"publish","type":"post","link":"https:\/\/blogdoedvaldomagalhaes.com.br\/index.php\/2024\/05\/04\/guarda-municipal-de-caruaru-recupera-televisao-furtada-e-leva-suspeito-para-dp\/","title":{"rendered":"Guarda Municipal de Caruaru recupera televis\u00e3o furtada e leva suspeito para DP"},"content":{"rendered":"<p>Na madrugada desta sexta-feira (03), a equipe da Guarda Municipal (GM), recebeu a informa\u00e7\u00e3o que uma televis\u00e3o havia sido furtada de um estabelecimento no bairro Indian\u00f3polis.<\/p>\n<p>Ap\u00f3s rondas, a TV foi encontrada na feira do troca, o suspeito confessou o furto. O indiv\u00edduo foi conduzido \u00e0 Delegacia de Plant\u00e3o. A GM entrou em contato com o propriet\u00e1rio do estabelecimento, com o objetivo de recuperar a televis\u00e3o furtada. Foto: Divulga\u00e7\u00e3o<br \/>\nSeja seguidor do Instagram do Blog @blogdoedvaldomagalhaes<\/p>\n","protected":false},"excerpt":{"rendered":"<p>Na madrugada desta sexta-feira (03), a equipe da Guarda Municipal (GM), recebeu a informa\u00e7\u00e3o que uma televis\u00e3o havia sido furtada&hellip;<\/p>\n","protected":false},"author":1,"featured_media":108117,"comment_status":"closed","ping_status":"open","sticky":false,"template":"","format":"standard","meta":{"footnotes":""},"categories":[14121],"tags":[29440,27410,2,28801,30418],"class_list":["post-108116","post","type-post","status-publish","format-standard","has-post-thumbnail","hentry","category-policial","tag-blog-com-mais-visualizacao","tag-blog-de-caruaru","tag-blog-do-edvaldo-magalhaes","tag-blog-mais-acessado","tag-guarda-municipal-de-caruaru-recupera-televisao-furtada-e-leva-suspeito-para-dp"],"_links":{"self":[{"href":"https:\/\/blogdoedvaldomagalhaes.com.br\/index.php\/wp-json\/wp\/v2\/posts\/108116","targetHints":{"allow":["GET"]}}],"collection":[{"href":"https:\/\/blogdoedvaldomagalhaes.com.br\/index.php\/wp-json\/wp\/v2\/posts"}],"about":[{"href":"https:\/\/blogdoedvaldomagalhaes.com.br\/index.php\/wp-json\/wp\/v2\/types\/post"}],"author":[{"embeddable":true,"href":"https:\/\/blogdoedvaldomagalhaes.com.br\/index.php\/wp-json\/wp\/v2\/users\/1"}],"replies":[{"embeddable":true,"href":"https:\/\/blogdoedvaldomagalhaes.com.br\/index.php\/wp-json\/wp\/v2\/comments?post=108116"}],"version-history":[{"count":1,"href":"https:\/\/blogdoedvaldomagalhaes.com.br\/index.php\/wp-json\/wp\/v2\/posts\/108116\/revisions"}],"predecessor-version":[{"id":108118,"href":"https:\/\/blogdoedvaldomagalhaes.com.br\/index.php\/wp-json\/wp\/v2\/posts\/108116\/revisions\/108118"}],"wp:featuredmedia":[{"embeddable":true,"href":"https:\/\/blogdoedvaldomagalhaes.com.br\/index.php\/wp-json\/wp\/v2\/media\/108117"}],"wp:attachment":[{"href":"https:\/\/blogdoedvaldomagalhaes.com.br\/index.php\/wp-json\/wp\/v2\/media?parent=108116"}],"wp:term":[{"taxonomy":"category","embeddable":true,"href":"https:\/\/blogdoedvaldomagalhaes.com.br\/index.php\/wp-json\/wp\/v2\/categories?post=108116"},{"taxonomy":"post_tag","embeddable":true,"href":"https:\/\/blogdoedvaldomagalhaes.com.br\/index.php\/wp-json\/wp\/v2\/tags?post=108116"}],"curies":[{"name":"wp","href":"https:\/\/api.w.org\/{rel}","templated":true}]}}